{"id":52686,"date":"2018-04-27T09:56:51","date_gmt":"2018-04-27T14:56:51","guid":{"rendered":"https:\/\/radiowebmx.com\/nota\/?p=52686"},"modified":"2018-04-27T10:58:40","modified_gmt":"2018-04-27T15:58:40","slug":"aprueba-iem-lineamientos-para-el-proceso-electoral","status":"publish","type":"post","link":"https:\/\/radiowebmx.com\/nota\/aprueba-iem-lineamientos-para-el-proceso-electoral\/","title":{"rendered":"Aprueba IEM lineamientos para el proceso electoral"},"content":{"rendered":"<p><strong>Morelia, Michoac\u00e1n<\/strong>.- En sesi\u00f3n extraordinaria, el Consejo General del Instituto Electoral de Michoac\u00e1n (IEM), integrado por el consejero presidente, Ram\u00f3n Hern\u00e1ndez Reyes, Irma Ram\u00edrez Cruz, Humberto Urquiza Mart\u00ednez, Yurisha Andrade Morales, Araceli Guti\u00e9rrez Cort\u00e9s, Luis Ignacio Pe\u00f1a God\u00ednez y Viridiana Villase\u00f1or Aguirre, aprob\u00f3 diversos reglamentos necesarios para el correcto desarrollo del Proceso Electoral Ordinario Local 2017-2018.<\/p>\n<p>De este modo, quedaron establecidos los Lineamientos para el Funcionamiento de los \u00d3rganos Desconcentrados del IEM, los dise\u00f1os de la documentaci\u00f3n electoral, as\u00ed como los carteles informativos para la casilla y la fecha y hora de inicio y de publicaci\u00f3n de la \u00faltima actualizaci\u00f3n de los datos del Programa de Resultados Electorales Preliminares (PREP).<\/p>\n<p>Hern\u00e1ndez Reyes precis\u00f3 que los documentos que se aprobaron obedecen al reglamento de c\u00f3mputo que aprob\u00f3 el Consejo General y derivan de los lineamientos aprobados por el Instituto Nacional Electoral (INE).<\/p>\n<p>Al respecto, la consejera Yurisha Andrade puntualiz\u00f3 que las adecuaciones realizadas brindan una mayor certeza a los \u00f3rganos distritales y municipales, ya que tienen que ver con la operaci\u00f3n y funcionamiento de las bodegas para resguardar la documentaci\u00f3n electoral, as\u00ed como las actividades previas y posteriores al proceso electoral, el conteo de votos, la integraci\u00f3n de los paquetes electorales y el sorteo de lugares de uso com\u00fan para la colocaci\u00f3n de la propaganda. Destac\u00f3 que en torno a la selecci\u00f3n de los inmuebles se han llevado a cabo supervisiones y se han tomado en cuenta las quejas y observaciones de los representantes de los partidos pol\u00edticos para hacer modificaciones o cambios a los inmuebles destinados como bodegas.<\/p>\n<p>Andrade Morales tambi\u00e9n inform\u00f3 que los cambios aprobados para la papeler\u00eda electoral permiten una mejor identificaci\u00f3n de en qu\u00e9 urna se debe depositar cada boleta electoral, por medio de franjas en la parte posterior de las mismas.<\/p>\n<p>Humberto Urquiza apunt\u00f3 que, al igual que en \u00faltimo proceso electoral, el color es uno de los identificadores y destac\u00f3 la importancia de evitar que pudieran encontrarse en las urnas votos de una elecci\u00f3n que no corresponde, para poder apresurar el escrutinio y c\u00f3mputo de los resultados; y asever\u00f3 que un punto muy importante es el que se refiere al PREP, que estar\u00e1 en funcionamiento de las 20:00 horas del domingo 1 de julio hasta las 20:00 horas del lunes 2 y deber\u00e1 ser actualizado tres veces por hora. \u201cEste tema ha ayudado a darle a la ciudadan\u00eda m\u00e1s seguridad\u201d, expuso.<\/p>\n<p>Se defini\u00f3 este horario, de acuerdo con el consejero Humberto Urquiza, debido a que el referente hist\u00f3rico con que se cuenta es que en la jornada electoral del 2015 el primer c\u00f3mputo que se subi\u00f3 fue a las 20:31 horas, correspondiente a la elecci\u00f3n de gobernador en Tuzantla.<\/p>\n<p>La consejera Viridiana Villase\u00f1or, por su parte, observ\u00f3 que se est\u00e1n siguiendo los lineamientos que parten de un formato \u00fanico para todo el pa\u00eds en lo que se refiere a la p\u00e1gina electr\u00f3nica.<\/p>\n<p>Durante la misma sesi\u00f3n se neg\u00f3 el registro a planillas de candidaturas a integrar los ayuntamientos de Zacapu y Quiroga, as\u00ed como f\u00f3rmulas de diputados locales en La Piedad, Uruapan Sur y Apatzing\u00e1n al Partido Encuentro Social (PES), debido a que la resoluci\u00f3n del Tribunal Electoral del Estado de Michoac\u00e1n (TEEM), que permitir\u00eda 72 horas adicionales para el registro de candidatos, s\u00f3lo se emiti\u00f3 para el Partido del Trabajo (PT) y el partido Movimiento de Regeneraci\u00f3n Nacional (Morena), de modo que su solicitud se consider\u00f3 extempor\u00e1nea.<\/p>\n<p>Sobre este punto, Araceli Guti\u00e9rrez se dijo a favor del proyecto, pero propuso una adici\u00f3n al mismo que se\u00f1alase que el PES tiene una pretensi\u00f3n distinta al de las partes promoventes y pidi\u00f3 se le respondiera puntualmente al argumento presentado por dicho instituto pol\u00edtico en su solicitud acerca de que de no atenderse a su solicitud se estar\u00eda violentando su certeza jur\u00eddica.<\/p>\n<p>Tambi\u00e9n se acord\u00f3 reanudar de inmediato los tr\u00e1mites que llevar\u00e1 a cabo la Comisi\u00f3n Electoral de Atenci\u00f3n a los Pueblos Ind\u00edgenas en colaboraci\u00f3n con autoridades comunitarias y municipales para la consulta previa e informada a la autoridad tradicional de Nahuatzen para la transferencia y manejo de los recursos p\u00fablicos y el Plan de Trabajo correspondiente.<\/p>\n<p>La presidenta de dicha Comisi\u00f3n, Irma Ram\u00edrez, expuso que para la elaboraci\u00f3n de este plan se trabaj\u00f3 de la mano con miembros de la comunidad y con la colaboraci\u00f3n del Ayuntamiento de Nahuatzen, la Secretar\u00eda de Finanzas y Administraci\u00f3n (SFA) y el Centro Estatal para el Desarrollo Municipal (Cedemun), y que dicho documento establece los par\u00e1metros de actuaci\u00f3n de la autoridad electoral y desarrolla cronol\u00f3gica y detalladamente los procesos de cada etapa: la inform\u00e1tica, la consultiva y la publicaci\u00f3n de resultados; asimismo, hizo un exhorto a los miembros del consejo de conducirse en apego a la ley y a que se respeten los resultados que surjan de este proceso. \u201cAcontecimientos como \u00e9ste abonan a una sociedad m\u00e1s participativa\u201d, manifest\u00f3 la consejera.<\/p>\n","protected":false},"excerpt":{"rendered":"<p>Morelia, Michoac\u00e1n.- En sesi\u00f3n extraordinaria, el Consejo General del Instituto Electoral de Michoac\u00e1n (IEM), integrado por el consejero presidente, Ram\u00f3n Hern\u00e1ndez Reyes, Irma Ram\u00edrez Cruz, Humberto Urquiza Mart\u00ednez, Yurisha Andrade Morales, Araceli Guti\u00e9rrez Cort\u00e9s, Luis Ignacio Pe\u00f1a God\u00ednez y Viridiana Villase\u00f1or Aguirre, aprob\u00f3 diversos reglamentos necesarios para el correcto desarrollo del Proceso Electoral Ordinario Local [&hellip;]<\/p>\n","protected":false},"author":2,"featured_media":52687,"comment_status":"closed","ping_status":"closed","sticky":false,"template":"","format":"standard","meta":{"footnotes":""},"categories":[14],"tags":[],"class_list":["post-52686","post","type-post","status-publish","format-standard","has-post-thumbnail","hentry","category-destacadas"],"_links":{"self":[{"href":"https:\/\/radiowebmx.com\/nota\/wp-json\/wp\/v2\/posts\/52686","targetHints":{"allow":["GET"]}}],"collection":[{"href":"https:\/\/radiowebmx.com\/nota\/wp-json\/wp\/v2\/posts"}],"about":[{"href":"https:\/\/radiowebmx.com\/nota\/wp-json\/wp\/v2\/types\/post"}],"author":[{"embeddable":true,"href":"https:\/\/radiowebmx.com\/nota\/wp-json\/wp\/v2\/users\/2"}],"replies":[{"embeddable":true,"href":"https:\/\/radiowebmx.com\/nota\/wp-json\/wp\/v2\/comments?post=52686"}],"version-history":[{"count":1,"href":"https:\/\/radiowebmx.com\/nota\/wp-json\/wp\/v2\/posts\/52686\/revisions"}],"predecessor-version":[{"id":52688,"href":"https:\/\/radiowebmx.com\/nota\/wp-json\/wp\/v2\/posts\/52686\/revisions\/52688"}],"wp:featuredmedia":[{"embeddable":true,"href":"https:\/\/radiowebmx.com\/nota\/wp-json\/wp\/v2\/media\/52687"}],"wp:attachment":[{"href":"https:\/\/radiowebmx.com\/nota\/wp-json\/wp\/v2\/media?parent=52686"}],"wp:term":[{"taxonomy":"category","embeddable":true,"href":"https:\/\/radiowebmx.com\/nota\/wp-json\/wp\/v2\/categories?post=52686"},{"taxonomy":"post_tag","embeddable":true,"href":"https:\/\/radiowebmx.com\/nota\/wp-json\/wp\/v2\/tags?post=52686"}],"curies":[{"name":"wp","href":"https:\/\/api.w.org\/{rel}","templated":true}]}}