{"id":5259,"date":"2014-01-30T09:31:40","date_gmt":"2014-01-30T15:31:40","guid":{"rendered":"https:\/\/radiowebmx.com\/nota\/?p=5259"},"modified":"2014-01-30T09:31:40","modified_gmt":"2014-01-30T15:31:40","slug":"sejoven-ofrece-consultas-psicologicas-gratuitas","status":"publish","type":"post","link":"https:\/\/radiowebmx.com\/nota\/sejoven-ofrece-consultas-psicologicas-gratuitas\/","title":{"rendered":"SEJOVEN OFRECE CONSULTAS PSICOL\u00d3GICAS GRATUITAS"},"content":{"rendered":"<p><a href=\"https:\/\/radiowebmx.com\/nota\/wp-content\/uploads\/2014\/01\/la-foto-2.jpg\"><img loading=\"lazy\" decoding=\"async\" class=\"alignleft size-full wp-image-5260\" alt=\"la foto 2\" src=\"https:\/\/radiowebmx.com\/nota\/wp-content\/uploads\/2014\/01\/la-foto-2.jpg\" width=\"591\" height=\"315\" \/><\/a>Con la finalidad de buscar una mejora en la calidad de vida de la sociedad, la Secretar\u00eda de los J\u00f3venes (Sejoven) ofrece consultas psicol\u00f3gicas gratuitas a j\u00f3venes que viven situaciones de riesgo dentro de su entorno familiar, escolar o social, a trav\u00e9s de la Coordinaci\u00f3n de Salud y Desarrollo Social.<\/p>\n<p>&nbsp;<\/p>\n<p>\u201cLa Secretar\u00eda de los J\u00f3venes tiene la obligaci\u00f3n de generar y ofrecer pol\u00edticas p\u00fablicas que ayuden al desarrollo humano e integral de los j\u00f3venes\u201d, se\u00f1al\u00f3 el titular de la dependencia, Francisco Lara Medina, al destacar la importancia de las consultas psicol\u00f3gicas y el acompa\u00f1amiento de los j\u00f3venes en sus procesos de formaci\u00f3n.<\/p>\n<p>&nbsp;<\/p>\n<p>Por su parte, Marcela Mu\u00f1oz Mart\u00ednez, coordinadora de Proyectos de Salud de la Sejoven, se\u00f1al\u00f3 que la adolescencia es una de las etapas m\u00e1s complicadas para todo ser humano, sobre todo cuando por cuestiones laborales los padres se alejan de sus hijos y no les dedican el tiempo necesario.<\/p>\n<p>&nbsp;<\/p>\n<p>\u201cLa juventud, en general, manifiesta una intensa necesidad de ser escuchada. A trav\u00e9s de los diversos eventos que realizamos en todo el Estado, hemos detectado este fen\u00f3meno y le damos respuesta a trav\u00e9s de las consultas psicol\u00f3gicas que el personal de la Sejoven otorga de lunes a viernes\u201d, reiter\u00f3.<\/p>\n<p>&nbsp;<\/p>\n<p>En general, los procesos de terapia inician con el joven, pero conforme se va adentrando en las problem\u00e1ticas individuales se va involucrando en los procesos a sus familias o a sus parejas, pues regularmente los problemas tienes varias aristas o perspectivas, y la soluci\u00f3n de dicho conflicto requiere de la colaboraci\u00f3n de todos los entes del sistema social del paciente.<\/p>\n<p>&nbsp;<\/p>\n<p>Es importante reiterar que este servicio es gratuito y es otorgado por especialistas con m\u00e1s de 15 a\u00f1os de experiencia en temas relacionados con j\u00f3venes. Adem\u00e1s se garantiza la confidencialidad y profesionalismo en las terapias.<\/p>\n<p>&nbsp;<\/p>\n<p>Los interesados en acceder a este servicio de la Sejoven pueden solicitarlo a trav\u00e9s de los tel\u00e9fonos 313 36 63 y 313 39 49, o en la sede de la Secretar\u00eda de los J\u00f3venes, ubicada en Crist\u00f3bal Pati\u00f1o #4371, Col. Fray Antonio de Lisboa, por la Salida a Mil Cumbres.<\/p>\n","protected":false},"excerpt":{"rendered":"<p>Con la finalidad de buscar una mejora en la calidad de vida de la sociedad, la Secretar\u00eda de los J\u00f3venes (Sejoven) ofrece consultas psicol\u00f3gicas gratuitas a j\u00f3venes que viven situaciones de riesgo dentro de su entorno familiar, escolar o social, a trav\u00e9s de la Coordinaci\u00f3n de Salud y Desarrollo Social.<\/p>\n","protected":false},"author":1,"featured_media":0,"comment_status":"open","ping_status":"open","sticky":false,"template":"","format":"standard","meta":{"footnotes":""},"categories":[14,3],"tags":[],"class_list":["post-5259","post","type-post","status-publish","format-standard","hentry","category-destacadas","category-gobierno-del-estado-de-michoacan"],"_links":{"self":[{"href":"https:\/\/radiowebmx.com\/nota\/wp-json\/wp\/v2\/posts\/5259","targetHints":{"allow":["GET"]}}],"collection":[{"href":"https:\/\/radiowebmx.com\/nota\/wp-json\/wp\/v2\/posts"}],"about":[{"href":"https:\/\/radiowebmx.com\/nota\/wp-json\/wp\/v2\/types\/post"}],"author":[{"embeddable":true,"href":"https:\/\/radiowebmx.com\/nota\/wp-json\/wp\/v2\/users\/1"}],"replies":[{"embeddable":true,"href":"https:\/\/radiowebmx.com\/nota\/wp-json\/wp\/v2\/comments?post=5259"}],"version-history":[{"count":1,"href":"https:\/\/radiowebmx.com\/nota\/wp-json\/wp\/v2\/posts\/5259\/revisions"}],"predecessor-version":[{"id":5261,"href":"https:\/\/radiowebmx.com\/nota\/wp-json\/wp\/v2\/posts\/5259\/revisions\/5261"}],"wp:attachment":[{"href":"https:\/\/radiowebmx.com\/nota\/wp-json\/wp\/v2\/media?parent=5259"}],"wp:term":[{"taxonomy":"category","embeddable":true,"href":"https:\/\/radiowebmx.com\/nota\/wp-json\/wp\/v2\/categories?post=5259"},{"taxonomy":"post_tag","embeddable":true,"href":"https:\/\/radiowebmx.com\/nota\/wp-json\/wp\/v2\/tags?post=5259"}],"curies":[{"name":"wp","href":"https:\/\/api.w.org\/{rel}","templated":true}]}}