{"id":5240,"date":"2014-01-29T11:23:35","date_gmt":"2014-01-29T17:23:35","guid":{"rendered":"https:\/\/radiowebmx.com\/nota\/?p=5240"},"modified":"2014-01-29T11:27:37","modified_gmt":"2014-01-29T17:27:37","slug":"lista-la-agenda-legislativa-en-el-congreso-de-la-union-eligio-gonzalez-farias","status":"publish","type":"post","link":"https:\/\/radiowebmx.com\/nota\/lista-la-agenda-legislativa-en-el-congreso-de-la-union-eligio-gonzalez-farias\/","title":{"rendered":"Lista la agenda legislativa en el Congreso de la Uni\u00f3n: Eligio Gonz\u00e1lez Far\u00edas."},"content":{"rendered":"<p><span style=\"color: #000000; font-family: Calibri;\"><a href=\"https:\/\/radiowebmx.com\/nota\/wp-content\/uploads\/2014\/01\/image.jpeg\"><img loading=\"lazy\" decoding=\"async\" class=\"alignleft size-full wp-image-5243\" alt=\"image\" src=\"https:\/\/radiowebmx.com\/nota\/wp-content\/uploads\/2014\/01\/image.jpeg\" width=\"591\" height=\"285\" \/><\/a>Seran prioridad en el pr\u00f3ximo periodo legislativos leyes secundarias en materia de Telecomunicaciones, de la reforma energ\u00e9tica y la pol\u00edtica electoral adem\u00e1s del C\u00f3digo Penal \u00danico, adelant\u00f3 el diputado federal Eligio Cuitl\u00e1huac Gonz\u00e1lez Far\u00edas, coordinador de los diputados michoacanos del PRI, destac\u00f3 que la agenda para este nuevo periodo en la C\u00e1mara de Diputados debe continuar con el compromiso hacia los michoacanos.<\/span><\/p>\n<p><span style=\"color: #000000; font-family: Calibri;\">En el marco de la\u00a0\u00a0IV Reuni\u00f3n Plenaria de los diputados federales del PRI-PVEM, donde se delineo la agenda legislativa, el diputado Eligio Gonz\u00e1lez Far\u00edas, mencion\u00f3 la importancia de este encuentro, pues en se detallaron los principales temas para el pr\u00f3ximo periodo ordinario de sesiones, entre los que destac\u00f3 que se tienen pendientes a discusi\u00f3n cerca de 50 dict\u00e1menes; 30 incluso ya tienen primera lectura, entre ellos la minuta del C\u00f3digo Penal \u00danico, temas que deber\u00e1n ser desahogados antes del primero de mayo cuando habr\u00e1 de concluir el periodo ordinario.<\/span><\/p>\n<p>&nbsp;<\/p>\n<p><span style=\"color: #000000; font-family: Calibri;\">Al respecto abund\u00f3 que son muchas reformas, en temas cruciales para el pa\u00eds y consider\u00f3 que se tendr\u00e1n que construir acuerdos y detall\u00f3 que las leyes secundarias en materia de Telecomunicaciones ser\u00e1n prioridad para este pr\u00f3ximo periodo, tal como lo ser\u00e1n las secundarias en materia energ\u00e9tica y las de la reforma pol\u00edtico-electoral.<\/span><\/p>\n<p>El legislador federal expres\u00f3 que en dicha reuni\u00f3n se acord\u00f3 sesionar pr\u00e1cticamente todos los d\u00edas para que el tiempo del periodo legislativo con el objetivo de no ser rebasados por los tiempos.<\/p>\n<p><span style=\"color: #000000; font-family: Calibri;\">Con la presencia el secretario de Gobernaci\u00f3n Miguel \u00c1ngel Osorio Chong; Gerardo Ruiz Esparza, Secretario de Comunicaciones y Transportes; Jes\u00fas Murillo Karam, Procurador General de la Rep\u00fablica, as\u00ed como los l\u00edderes parlamentarios del Revolucionario Institucional de ambas C\u00e1maras, Gonz\u00e1lez Far\u00edas indic\u00f3 que\u00a0\u00a0&#8220;es fundamental que haya la coordinaci\u00f3n de todos los \u00f3rdenes de Gobierno para que juntos podamos cristalizar las grandes reformas y que sea a corto plazo cuando la sociedad vea resultados&#8221;.<\/span><\/p>\n<p>Por \u00faltimo Eligio Gonz\u00e1lez se\u00f1al\u00f3 que los diputados de Michoac\u00e1n se encuentran comprometidos a trabajar por el bien de su Estado y est\u00e1n convencidos que con las reformas estructurales pronto habr\u00e1 mejores circunstancias de empleo, crecimiento econ\u00f3mico y competencia.<\/p>\n","protected":false},"excerpt":{"rendered":"<p>Seran prioridad en el pr\u00f3ximo periodo legislativos leyes secundarias en materia de Telecomunicaciones, de la reforma energ\u00e9tica y la pol\u00edtica electoral adem\u00e1s del C\u00f3digo Penal \u00danico, adelant\u00f3 el diputado federal Eligio Cuitl\u00e1huac Gonz\u00e1lez Far\u00edas,<\/p>\n","protected":false},"author":1,"featured_media":0,"comment_status":"open","ping_status":"open","sticky":false,"template":"","format":"standard","meta":{"footnotes":""},"categories":[14],"tags":[],"class_list":["post-5240","post","type-post","status-publish","format-standard","hentry","category-destacadas"],"_links":{"self":[{"href":"https:\/\/radiowebmx.com\/nota\/wp-json\/wp\/v2\/posts\/5240","targetHints":{"allow":["GET"]}}],"collection":[{"href":"https:\/\/radiowebmx.com\/nota\/wp-json\/wp\/v2\/posts"}],"about":[{"href":"https:\/\/radiowebmx.com\/nota\/wp-json\/wp\/v2\/types\/post"}],"author":[{"embeddable":true,"href":"https:\/\/radiowebmx.com\/nota\/wp-json\/wp\/v2\/users\/1"}],"replies":[{"embeddable":true,"href":"https:\/\/radiowebmx.com\/nota\/wp-json\/wp\/v2\/comments?post=5240"}],"version-history":[{"count":5,"href":"https:\/\/radiowebmx.com\/nota\/wp-json\/wp\/v2\/posts\/5240\/revisions"}],"predecessor-version":[{"id":5242,"href":"https:\/\/radiowebmx.com\/nota\/wp-json\/wp\/v2\/posts\/5240\/revisions\/5242"}],"wp:attachment":[{"href":"https:\/\/radiowebmx.com\/nota\/wp-json\/wp\/v2\/media?parent=5240"}],"wp:term":[{"taxonomy":"category","embeddable":true,"href":"https:\/\/radiowebmx.com\/nota\/wp-json\/wp\/v2\/categories?post=5240"},{"taxonomy":"post_tag","embeddable":true,"href":"https:\/\/radiowebmx.com\/nota\/wp-json\/wp\/v2\/tags?post=5240"}],"curies":[{"name":"wp","href":"https:\/\/api.w.org\/{rel}","templated":true}]}}