{"id":5232,"date":"2014-01-29T11:11:22","date_gmt":"2014-01-29T17:11:22","guid":{"rendered":"https:\/\/radiowebmx.com\/nota\/?p=5232"},"modified":"2014-01-29T11:11:22","modified_gmt":"2014-01-29T17:11:22","slug":"la-comision-estatal-de-cultura-fisica-y-deporte-cecufid-gestiona-recursos-federales-para-la-region-de-tierra-caliente-a-traves-de-la-comision-nacional-del-deporte-y-cultura-fisica-conade-con-bue","status":"publish","type":"post","link":"https:\/\/radiowebmx.com\/nota\/la-comision-estatal-de-cultura-fisica-y-deporte-cecufid-gestiona-recursos-federales-para-la-region-de-tierra-caliente-a-traves-de-la-comision-nacional-del-deporte-y-cultura-fisica-conade-con-bue\/","title":{"rendered":"La Comisi\u00f3n Estatal de Cultura F\u00edsica y Deporte (CECUFID) gestiona recursos federales para la regi\u00f3n de Tierra Caliente, a trav\u00e9s de la Comisi\u00f3n Nacional del Deporte y Cultura F\u00edsica (CONADE), con buenas perspectivas a corto plazo."},"content":{"rendered":"<p><a href=\"https:\/\/radiowebmx.com\/nota\/wp-content\/uploads\/2014\/01\/DSC_1788.jpg\"><img loading=\"lazy\" decoding=\"async\" class=\"alignleft size-full wp-image-5233\" alt=\"DSC_1788\" src=\"https:\/\/radiowebmx.com\/nota\/wp-content\/uploads\/2014\/01\/DSC_1788.jpg\" width=\"591\" height=\"322\" \/><\/a>Como parte<b> <\/b>de la estrategia para la reactivaci\u00f3n econ\u00f3mica de Tierra Caliente, el Gobierno de Michoac\u00e1n a trav\u00e9s del Instituto de Capacitaci\u00f3n para el Trabajo (ICATMI), abri\u00f3 el periodo de inscripciones en sus planteles de Apatzing\u00e1n y M\u00fagica, ofreciendo las especialidades de Confecci\u00f3n industrial de ropa, Electr\u00f3nica, Zapater\u00eda, Estilismo y bienestar personal, Inform\u00e1tica, Ingl\u00e9s y Mantenimiento automotriz, para los michoacanos de esta zona.<\/p>\n<p>La instrucci\u00f3n del gobernador Fausto Vallejo Figueroa, es proporcionar herramientas que permitan a los habitantes de la regi\u00f3n autoemplearse, lograr un mejor desempe\u00f1o laboral y por ende, mejorar los ingresos de sus familias; inform\u00f3 Jos\u00e9 Bert\u00edn Cornejo Mart\u00ednez, director general del ICATMI.<\/p>\n<p>En gira de trabajo por Apatzing\u00e1n, Cornejo Mart\u00ednez encabez\u00f3 la campa\u00f1a de promoci\u00f3n de cursos correspondientes al primer trimestre del a\u00f1o, a iniciar en el mes de febrero.<\/p>\n<p>Ang\u00e9lica Mar\u00eda Mora Romero, directora del plantel, se\u00f1al\u00f3 que \u00a0los instructores est\u00e1n por iniciar los cursos en las comunidades de Acahuato y La Huerta de este municipio, donde atender\u00e1n adem\u00e1s a habitantes de Tepalcatepec, Buenavista Tomatl\u00e1n y Par\u00e1cuaro.<\/p>\n<p>Durante su recorrido, el director general del ICATMI sostuvo una reuni\u00f3n con Armando Mendoza Barriga, director de Desarrollo Social municipal, con quien acord\u00f3 la apertura de un curso especial de Nutrici\u00f3n dirigido a los recipiendarios de las canastas b\u00e1sicas y del adulto mayor, otorgadas por las instancias estatales y federales.<\/p>\n<p>Recalc\u00f3 que estas acciones son parte de las estrategias para incorporar a la poblaci\u00f3n al sector productivo y mejorar sus condiciones de vida, premisa fundamental del gobierno que encabeza Fausto Vallejo Figueroa; adem\u00e1s, reiter\u00f3 la necesidad de reforzar la capacitaci\u00f3n en materia frut\u00edcola en el municipio, para incrementar la matr\u00edcula registrada hasta el 2013, de 2 mil 231 alumnos inscritos, de los cuales 623 corresponden al \u00faltimo trimestre del a\u00f1o.<\/p>\n<p><b>VISITA AL PLANTEL DE M\u00daGICA<\/b><\/p>\n<p>&nbsp;<\/p>\n<p>Por otra parte, Cornejo Mart\u00ednez, se traslad\u00f3 al municipio de M\u00fagica, en donde escuch\u00f3 los planteamientos de los alumnos e instructores, con quienes acord\u00f3 continuar con la mejora del plantel.<\/p>\n<p>La directora del ICATMI en M\u00fagica, Dulce Mar\u00eda Ceja Huato, se\u00f1al\u00f3 que las inscripciones est\u00e1n abiertas para las especialidades de Inform\u00e1tica, Formaci\u00f3n humana, Ingl\u00e9s, Elaboraci\u00f3n de huarache, adem\u00e1s de Estilismo y bienestar personal, cursos a iniciar tambi\u00e9n en el mes de febrero.<\/p>\n<p>Acompa\u00f1aron al director general, V\u00edctor L\u00f3pez Rodr\u00edguez, director administrativo; Jos\u00e9 Luis Rojas Villanueva, director de Vinculaci\u00f3n; y Leonel Herrej\u00f3n Alarc\u00f3n, apoderado Jur\u00eddico.<\/p>\n","protected":false},"excerpt":{"rendered":"<p>Como parte de la estrategia para la reactivaci\u00f3n econ\u00f3mica de Tierra Caliente, el Gobierno de Michoac\u00e1n a trav\u00e9s del Instituto de Capacitaci\u00f3n para el Trabajo (ICATMI), abri\u00f3 el periodo de inscripciones en sus planteles de Apatzing\u00e1n y M\u00fagica,<\/p>\n","protected":false},"author":1,"featured_media":0,"comment_status":"open","ping_status":"open","sticky":false,"template":"","format":"standard","meta":{"footnotes":""},"categories":[14,3],"tags":[],"class_list":["post-5232","post","type-post","status-publish","format-standard","hentry","category-destacadas","category-gobierno-del-estado-de-michoacan"],"_links":{"self":[{"href":"https:\/\/radiowebmx.com\/nota\/wp-json\/wp\/v2\/posts\/5232","targetHints":{"allow":["GET"]}}],"collection":[{"href":"https:\/\/radiowebmx.com\/nota\/wp-json\/wp\/v2\/posts"}],"about":[{"href":"https:\/\/radiowebmx.com\/nota\/wp-json\/wp\/v2\/types\/post"}],"author":[{"embeddable":true,"href":"https:\/\/radiowebmx.com\/nota\/wp-json\/wp\/v2\/users\/1"}],"replies":[{"embeddable":true,"href":"https:\/\/radiowebmx.com\/nota\/wp-json\/wp\/v2\/comments?post=5232"}],"version-history":[{"count":2,"href":"https:\/\/radiowebmx.com\/nota\/wp-json\/wp\/v2\/posts\/5232\/revisions"}],"predecessor-version":[{"id":5235,"href":"https:\/\/radiowebmx.com\/nota\/wp-json\/wp\/v2\/posts\/5232\/revisions\/5235"}],"wp:attachment":[{"href":"https:\/\/radiowebmx.com\/nota\/wp-json\/wp\/v2\/media?parent=5232"}],"wp:term":[{"taxonomy":"category","embeddable":true,"href":"https:\/\/radiowebmx.com\/nota\/wp-json\/wp\/v2\/categories?post=5232"},{"taxonomy":"post_tag","embeddable":true,"href":"https:\/\/radiowebmx.com\/nota\/wp-json\/wp\/v2\/tags?post=5232"}],"curies":[{"name":"wp","href":"https:\/\/api.w.org\/{rel}","templated":true}]}}