{"id":5229,"date":"2014-01-29T11:06:21","date_gmt":"2014-01-29T17:06:21","guid":{"rendered":"https:\/\/radiowebmx.com\/nota\/?p=5229"},"modified":"2014-01-29T11:06:21","modified_gmt":"2014-01-29T17:06:21","slug":"el-deporte-vital-para-recomponer-el-tejido-social","status":"publish","type":"post","link":"https:\/\/radiowebmx.com\/nota\/el-deporte-vital-para-recomponer-el-tejido-social\/","title":{"rendered":"EL DEPORTE, VITAL PARA RECOMPONER EL TEJIDO SOCIAL"},"content":{"rendered":"<p><a href=\"https:\/\/radiowebmx.com\/nota\/wp-content\/uploads\/2014\/01\/la-foto-4.jpg\"><img loading=\"lazy\" decoding=\"async\" class=\"alignleft size-full wp-image-5230\" alt=\"la foto 4\" src=\"https:\/\/radiowebmx.com\/nota\/wp-content\/uploads\/2014\/01\/la-foto-4.jpg\" width=\"591\" height=\"317\" \/><\/a>La Comisi\u00f3n Estatal de Cultura F\u00edsica y Deporte (CECUFID) gestiona recursos federales para la regi\u00f3n de Tierra Caliente, a trav\u00e9s de la Comisi\u00f3n Nacional del Deporte y Cultura F\u00edsica (CONADE), con buenas perspectivas a corto plazo.<\/p>\n<p>&nbsp;<\/p>\n<p>En seguimiento a las instrucciones del gobernador Fausto Vallejo Figueroa y del presidente de la Rep\u00fablica, Enrique Pe\u00f1a Nieto, personal de la CECUFID, encabezados por Francisco Lara Medina, encargado del despacho, se reuni\u00f3 con las 4 subdirecciones de la instancia federal.<\/p>\n<p>&nbsp;<\/p>\n<p>En las \u00e1reas de Deporte, Calidad en el Deporte, y Cultura F\u00edsica, se realizaron reuniones de trabajo, as\u00ed como la exposici\u00f3n de proyectos de inversi\u00f3n; destacando la rehabilitaci\u00f3n de la pista de tart\u00e1n de la Unidad Deportiva de Apatzing\u00e1n y jornadas de activaci\u00f3n f\u00edsica en 17 municipios de Tierra Caliente.<\/p>\n<p>&nbsp;<\/p>\n<p>De igual forma se llegaron a importantes acuerdos sobre la operaci\u00f3n de la Escuela de Canotaje, pr\u00f3xima a inaugurarse en Urand\u00e9n, P\u00e1tzcuaro, y que albergar\u00e1 alrededor de 120 deportistas.<\/p>\n<p>&nbsp;<\/p>\n<p>Tanto autoridades federales como el mismo equipo de la CECUFID coincidieron en la importancia de invertir en el deporte, no s\u00f3lo en el de alto rendimiento y selectivo, sino en el deporte social, pues es \u00e9ste de donde se nutren los equipos representativos del Estado y selecciones.<\/p>\n<p>&nbsp;<\/p>\n<p>\u201cHubo muy buena respuesta por parte de los directivos de CONADE a los proyectos expuestos, porque estos son en su mayor\u00eda de alto impacto para la sociedad en general\u201d, destac\u00f3 el tambi\u00e9n titular de SEJOVEN, quien se\u00f1al\u00f3 que la respuesta por parte de la Federaci\u00f3n se tendr\u00e1 en pr\u00f3ximos d\u00edas.<\/p>\n<p>&nbsp;<\/p>\n<p>La delegaci\u00f3n michoacana estuvo compuesta por Gustavo Ju\u00e1rez Bedolla, enlace en CECUFID; Joel Calder\u00f3n Contreras, de Deporte Social; Anthonty Felipe Luna, de Infraestructura Deportiva; y Ziranda Madrigal Capinda, de Deporte Selectivo; quienes fueron recibidos por los subdirectores Oth\u00f3n Hermelindo D\u00edaz Valenzuela, Jos\u00e9 Alberto Ch\u00e1vez Mendoza, y Juan Manuel Gardu\u00f1o Moreno.<\/p>\n<p>&nbsp;<\/p>\n<p>&nbsp;<\/p>\n","protected":false},"excerpt":{"rendered":"<p>La Comisi\u00f3n Estatal de Cultura F\u00edsica y Deporte (CECUFID) gestiona recursos federales para la regi\u00f3n de Tierra Caliente, a trav\u00e9s de la Comisi\u00f3n Nacional del Deporte y Cultura F\u00edsica (CONADE), con buenas perspectivas a corto plazo.<\/p>\n","protected":false},"author":1,"featured_media":0,"comment_status":"open","ping_status":"open","sticky":false,"template":"","format":"standard","meta":{"footnotes":""},"categories":[14,3],"tags":[],"class_list":["post-5229","post","type-post","status-publish","format-standard","hentry","category-destacadas","category-gobierno-del-estado-de-michoacan"],"_links":{"self":[{"href":"https:\/\/radiowebmx.com\/nota\/wp-json\/wp\/v2\/posts\/5229","targetHints":{"allow":["GET"]}}],"collection":[{"href":"https:\/\/radiowebmx.com\/nota\/wp-json\/wp\/v2\/posts"}],"about":[{"href":"https:\/\/radiowebmx.com\/nota\/wp-json\/wp\/v2\/types\/post"}],"author":[{"embeddable":true,"href":"https:\/\/radiowebmx.com\/nota\/wp-json\/wp\/v2\/users\/1"}],"replies":[{"embeddable":true,"href":"https:\/\/radiowebmx.com\/nota\/wp-json\/wp\/v2\/comments?post=5229"}],"version-history":[{"count":1,"href":"https:\/\/radiowebmx.com\/nota\/wp-json\/wp\/v2\/posts\/5229\/revisions"}],"predecessor-version":[{"id":5231,"href":"https:\/\/radiowebmx.com\/nota\/wp-json\/wp\/v2\/posts\/5229\/revisions\/5231"}],"wp:attachment":[{"href":"https:\/\/radiowebmx.com\/nota\/wp-json\/wp\/v2\/media?parent=5229"}],"wp:term":[{"taxonomy":"category","embeddable":true,"href":"https:\/\/radiowebmx.com\/nota\/wp-json\/wp\/v2\/categories?post=5229"},{"taxonomy":"post_tag","embeddable":true,"href":"https:\/\/radiowebmx.com\/nota\/wp-json\/wp\/v2\/tags?post=5229"}],"curies":[{"name":"wp","href":"https:\/\/api.w.org\/{rel}","templated":true}]}}