{"id":5225,"date":"2014-01-28T11:02:27","date_gmt":"2014-01-28T17:02:27","guid":{"rendered":"https:\/\/radiowebmx.com\/nota\/?p=5225"},"modified":"2014-02-05T10:17:39","modified_gmt":"2014-02-05T16:17:39","slug":"patricia-mora-de-vallejo-encabeza-reunion-anual-de-presidentas-municipales-2014","status":"publish","type":"post","link":"https:\/\/radiowebmx.com\/nota\/patricia-mora-de-vallejo-encabeza-reunion-anual-de-presidentas-municipales-2014\/","title":{"rendered":"PATRICIA MORA DE VALLEJO ENCABEZA REUNI\u00d3N ANUAL DE PRESIDENTAS MUNICIPALES 2014"},"content":{"rendered":"<p><a href=\"https:\/\/radiowebmx.com\/nota\/wp-content\/uploads\/2014\/01\/DSC7953.jpg\"><img loading=\"lazy\" decoding=\"async\" class=\"alignleft size-full wp-image-5226\" alt=\"_DSC7953\" src=\"https:\/\/radiowebmx.com\/nota\/wp-content\/uploads\/2014\/01\/DSC7953.jpg\" width=\"591\" height=\"326\" \/><\/a>Con el objetivo de capacitar y actualizar a las presidentas, directoras, directores, coordinadores y promotores municipales, Patricia Mora de Vallejo, presidenta honoraria del Sistema para el Desarrollo Integral de la Familia en Michoac\u00e1n, encabez\u00f3 la reuni\u00f3n anual de presidentas de los DIF municipales 2014, con la participaci\u00f3n de los 113 municipios de la entidad.<\/p>\n<p>Patricia Mora, expres\u00f3 que \u201ces el momento para redoblar esfuerzos en la operaci\u00f3n, las acciones y programas que benefician a quienes menos tienen y necesitan de la ayuda que les brindamos\u201d, asimismo agradeci\u00f3 el inter\u00e9s de los sistemas municipales de trabajar por los ni\u00f1os, las ni\u00f1as, los adultos mayores, las mujeres y las personas con discapacidad.<\/p>\n<p>La Presidenta\u00a0 Honoraria del Sistema DIF Michoac\u00e1n invit\u00f3 a las y los asistentes a nombre de Fausto Vallejo Figueroa, gobernador de Michoac\u00e1n, a \u201ctrabajar para alcanzar una mejor sociedad y que se apropien de los programas que maneja el Sistema DIF Estatal\u201d.<\/p>\n<p>Nelly Sastr\u00e9 Gasca, directora general del Sistema DIF Estatal, dio la bienvenida a los asistentes y resalt\u00f3 que \u201ca\u00f1o con a\u00f1o se les da a conocer los par\u00e1metros que se tendr\u00e1n en cada una de las direcciones y programas que opera la dependencia estatal, as\u00ed mismo lo lineamientos que el Sistema DIF Nacional nos marca\u201d.<\/p>\n<p>Adem\u00e1s, en dicha reuni\u00f3n se cont\u00f3 con la participaci\u00f3n de Mar\u00eda del Rosario Cortes Zavala, Procuradora de la Defensa del Menor y la Familia, quien habl\u00f3 sobre la Ley de Adopci\u00f3n y refiri\u00f3 que desde el pasado dos de julio del 2013 se hace extensiva la participaci\u00f3n a los 113 DIF Municipales para apoyar a los\u00a0 solicitantes con los requisitos y el procedimiento en materia de adopci\u00f3n.<\/p>\n<p>En este eje, la direcci\u00f3n de Asistencia e Inclusi\u00f3n Social, que dirige Tzitlali Montejano Monroy, puntualiz\u00f3 sobre los programas y beneficio que desarrolla esta \u00e1rea como lo son: entrega de aparatos auditivos, sillas de ruedas, jornadas optom\u00e9tricas, muletas, andaderas, carriolas PSI; as\u00ed como las ayudas a adultos mayores y personas con discapacidad.<\/p>\n<p>En su oportunidad, Elena de Monserrat Celis Mart\u00ednez, titular de la direcci\u00f3n de Asistencia a Familias en Estado Vulnerable y Enlace Municipal (AFEVEM), puntualiz\u00f3 que a trav\u00e9s de los departamentos como: Espacios de Alimentaci\u00f3n Encuentro y Desarrollo (EAEyD), Orientaci\u00f3n Alimentaria, Proyectos Productivos, entre otros, se pueden lograr mejores condiciones as\u00ed como elevar la calidad de vida de los michoacanos.<\/p>\n<p>Cabe destacar que por instrucciones de Patricia Mora, la dependencia estatal tiene como firme prop\u00f3sito buscar m\u00e1s apoyos para que los programas y beneficios contin\u00faen, ya sea con mismas secretar\u00edas de gobierno, empresas y asociaciones civiles y privadas, para continuar con el trabajo para el desarrollo de las familias michoacanas.<\/p>\n","protected":false},"excerpt":{"rendered":"<p>Con el objetivo de capacitar y actualizar a las presidentas, directoras, directores, coordinadores y promotores municipales, Patricia Mora de Vallejo, presidenta honoraria del Sistema para el Desarrollo Integral de la Familia en Michoac\u00e1n, encabez\u00f3 la reuni\u00f3n anual de presidentas de los DIF municipales 2014,<\/p>\n","protected":false},"author":1,"featured_media":0,"comment_status":"open","ping_status":"open","sticky":false,"template":"","format":"standard","meta":{"footnotes":""},"categories":[14,3],"tags":[],"class_list":["post-5225","post","type-post","status-publish","format-standard","hentry","category-destacadas","category-gobierno-del-estado-de-michoacan"],"_links":{"self":[{"href":"https:\/\/radiowebmx.com\/nota\/wp-json\/wp\/v2\/posts\/5225","targetHints":{"allow":["GET"]}}],"collection":[{"href":"https:\/\/radiowebmx.com\/nota\/wp-json\/wp\/v2\/posts"}],"about":[{"href":"https:\/\/radiowebmx.com\/nota\/wp-json\/wp\/v2\/types\/post"}],"author":[{"embeddable":true,"href":"https:\/\/radiowebmx.com\/nota\/wp-json\/wp\/v2\/users\/1"}],"replies":[{"embeddable":true,"href":"https:\/\/radiowebmx.com\/nota\/wp-json\/wp\/v2\/comments?post=5225"}],"version-history":[{"count":3,"href":"https:\/\/radiowebmx.com\/nota\/wp-json\/wp\/v2\/posts\/5225\/revisions"}],"predecessor-version":[{"id":5228,"href":"https:\/\/radiowebmx.com\/nota\/wp-json\/wp\/v2\/posts\/5225\/revisions\/5228"}],"wp:attachment":[{"href":"https:\/\/radiowebmx.com\/nota\/wp-json\/wp\/v2\/media?parent=5225"}],"wp:term":[{"taxonomy":"category","embeddable":true,"href":"https:\/\/radiowebmx.com\/nota\/wp-json\/wp\/v2\/categories?post=5225"},{"taxonomy":"post_tag","embeddable":true,"href":"https:\/\/radiowebmx.com\/nota\/wp-json\/wp\/v2\/tags?post=5225"}],"curies":[{"name":"wp","href":"https:\/\/api.w.org\/{rel}","templated":true}]}}