{"id":52107,"date":"2018-04-09T13:49:22","date_gmt":"2018-04-09T18:49:22","guid":{"rendered":"https:\/\/radiowebmx.com\/nota\/?p=52107"},"modified":"2018-04-10T10:31:14","modified_gmt":"2018-04-10T15:31:14","slug":"prevencion-de-incendios-forestales-responsabilidad-de-todos-angel-cedillo","status":"publish","type":"post","link":"https:\/\/radiowebmx.com\/nota\/prevencion-de-incendios-forestales-responsabilidad-de-todos-angel-cedillo\/","title":{"rendered":"Prevenci\u00f3n de incendios forestales, responsabilidad de todos: \u00c1ngel Cedillo"},"content":{"rendered":"<p class=\"x_gmail-m-3641332539289907346gmail-msonospacing\"><b>Morelia;\u00a0\u00a0Michoac\u00e1n, 09 de abril de 2018.-<\/b>\u00a0\u00a0\u00a0<span lang=\"ES\">La prevenci\u00f3n de incendios forestales es responsabilidad de todos, desde autoridades federales, estatales y municipales, hasta la sociedad en su conjunto, apunt\u00f3 el presidente de la Junta de Coordinaci\u00f3n Pol\u00edtica en la LXXIII Legislatura Local, \u00c1ngel Cedillo Hern\u00e1ndez.<\/span><\/p>\n<p class=\"x_gmail-m-3641332539289907346gmail-msonospacing\"><span lang=\"ES\">El tambi\u00e9n coordinador del Grupo Parlamentario del PRD en el Congreso del Estado record\u00f3 que durante 2017 el gobierno estatal report\u00f3 que durante la temporada de estiaje se presentaron 797 incendios forestales que afectaron 14 mil 538 hect\u00e1reas, de las que el 15 por ciento correspondieron a arbolado adulto y renuevo, ubicando al Estado a nivel nacional en el d\u00e9cimo lugar en superficie afectada.<\/span><\/p>\n<p class=\"x_gmail-m-3641332539289907346gmail-msonospacing\"><span lang=\"ES\">Se\u00f1al\u00f3 que si bien ya se ech\u00f3 a andar este a\u00f1o la Campa\u00f1a Estatal contra Incendios Forestales por parte de las autoridades michoacanas, es necesaria una mayor participaci\u00f3n de la sociedad en materia de prevenci\u00f3n y vigilancia.<\/span><\/p>\n<p class=\"x_gmail-m-3641332539289907346gmail-msonospacing\">\u201cExisten acciones sencillas que todos y cada uno de nosotros podemos realizar para evitar los siniestros como el no\u00a0arrojar cerillos o cigarros encendidos en la carretera, predios y menos en medio del bosque\u201d.<\/p>\n<p class=\"x_gmail-m-3641332539289907346gmail-msonospacing\"><span lang=\"ES\">Otras medidas preventivas enlistadas por el diputado local por el Distrito de Uruapan Norte con las que los ciudadanos pueden poner su granito de arena, son no tirar basura en carretas, zonas boscosas o matorrales, particularmente botellas o vidrios ya que \u00e9stos pueden iniciar el fuego creando un efecto lupa con los rayos del sol.<\/span><\/p>\n<p class=\"x_gmail-m-3641332539289907346gmail-msonospacing\"><span lang=\"ES\">Adem\u00e1s preferiblemente no se deben realizar fogatas en zonas boscosas, ya que pese a las precauciones que se puedan tomar, una flama puede generar un siniestro considerable, sostuvo \u00c1ngel Cedillo.<\/span><\/p>\n<p class=\"x_gmail-m-3641332539289907346gmail-msonospacing\"><span lang=\"ES\">Puntualiz\u00f3 que la sociedad y gobierno tiene que trabajar en la protecci\u00f3n y conservaci\u00f3n de las superficies arboladas de Michoac\u00e1n, as\u00ed como invitar a todos los colectivos sociales a que se vinculen a programas de siembras y restauraci\u00f3n ecol\u00f3gica, as\u00ed como en la prevenci\u00f3n de los incendios forestales.\u00a0<\/span><\/p>\n<p class=\"x_gmail-m-3641332539289907346gmail-msonospacing\"><span lang=\"ES\">Por lo anterior, celebr\u00f3 la campa\u00f1a anunciada por el Secretario de Gobierno, Pascual Sigala &#8220;Cuidemos Nuestros Bosques&#8221;, a fin de prevenir incendios forestales, en donde se dio a conocer que se tiene el reporte de que se han registrado 280 incendios, lo cual ha afectado a 3 mil 500 hect\u00e1reas.<\/span><\/p>\n<p class=\"x_gmail-m-3641332539289907346gmail-msonospacing\"><span lang=\"ES\">En ese contexto, llam\u00f3 a cerrar filas sociedad y gobierno para prevenir los incendios y a cuidar nuestros recursos naturales, que son vitales para una mejor calidad de vida para todos.\u00a0\u00a0<\/span><\/p>\n","protected":false},"excerpt":{"rendered":"<p>Morelia;\u00a0\u00a0Michoac\u00e1n, 09 de abril de 2018.-\u00a0\u00a0\u00a0La prevenci\u00f3n de incendios forestales es responsabilidad de todos, desde autoridades federales, estatales y municipales, hasta la sociedad en su conjunto, apunt\u00f3 el presidente de la Junta de Coordinaci\u00f3n Pol\u00edtica en la LXXIII Legislatura Local, \u00c1ngel Cedillo Hern\u00e1ndez. El tambi\u00e9n coordinador del Grupo Parlamentario del PRD en el Congreso del [&hellip;]<\/p>\n","protected":false},"author":2,"featured_media":52108,"comment_status":"closed","ping_status":"closed","sticky":false,"template":"","format":"standard","meta":{"footnotes":""},"categories":[6,14],"tags":[],"class_list":["post-52107","post","type-post","status-publish","format-standard","has-post-thumbnail","hentry","category-congreso-del-estado","category-destacadas"],"_links":{"self":[{"href":"https:\/\/radiowebmx.com\/nota\/wp-json\/wp\/v2\/posts\/52107","targetHints":{"allow":["GET"]}}],"collection":[{"href":"https:\/\/radiowebmx.com\/nota\/wp-json\/wp\/v2\/posts"}],"about":[{"href":"https:\/\/radiowebmx.com\/nota\/wp-json\/wp\/v2\/types\/post"}],"author":[{"embeddable":true,"href":"https:\/\/radiowebmx.com\/nota\/wp-json\/wp\/v2\/users\/2"}],"replies":[{"embeddable":true,"href":"https:\/\/radiowebmx.com\/nota\/wp-json\/wp\/v2\/comments?post=52107"}],"version-history":[{"count":1,"href":"https:\/\/radiowebmx.com\/nota\/wp-json\/wp\/v2\/posts\/52107\/revisions"}],"predecessor-version":[{"id":52109,"href":"https:\/\/radiowebmx.com\/nota\/wp-json\/wp\/v2\/posts\/52107\/revisions\/52109"}],"wp:featuredmedia":[{"embeddable":true,"href":"https:\/\/radiowebmx.com\/nota\/wp-json\/wp\/v2\/media\/52108"}],"wp:attachment":[{"href":"https:\/\/radiowebmx.com\/nota\/wp-json\/wp\/v2\/media?parent=52107"}],"wp:term":[{"taxonomy":"category","embeddable":true,"href":"https:\/\/radiowebmx.com\/nota\/wp-json\/wp\/v2\/categories?post=52107"},{"taxonomy":"post_tag","embeddable":true,"href":"https:\/\/radiowebmx.com\/nota\/wp-json\/wp\/v2\/tags?post=52107"}],"curies":[{"name":"wp","href":"https:\/\/api.w.org\/{rel}","templated":true}]}}