{"id":52098,"date":"2018-04-09T12:48:35","date_gmt":"2018-04-09T17:48:35","guid":{"rendered":"https:\/\/radiowebmx.com\/nota\/?p=52098"},"modified":"2018-04-09T12:48:35","modified_gmt":"2018-04-09T17:48:35","slug":"mientras-el-ayuntamiento-independiente-se-distrae-en-el-registro-de-su-candidato-la-ciudadania-vive-en-panico-y-psicosis-por-la-inseguridad-en-morelia","status":"publish","type":"post","link":"https:\/\/radiowebmx.com\/nota\/mientras-el-ayuntamiento-independiente-se-distrae-en-el-registro-de-su-candidato-la-ciudadania-vive-en-panico-y-psicosis-por-la-inseguridad-en-morelia\/","title":{"rendered":"Mientras el ayuntamiento independiente se distrae en el registro de su candidato, la ciudadan\u00eda vive en p\u00e1nico y psicosis por la inseguridad en Morelia"},"content":{"rendered":"<ul type=\"disc\">\n<li class=\"x_MsoNormal\"><strong>Urge la estrategia de seguridad coordinada con el gobierno estatal para la capital michoacana<\/strong><\/li>\n<\/ul>\n<p class=\"x_MsoNormal\"><i>\u00a0<\/i><\/p>\n<p class=\"x_MsoNormal\"><b>Morelia;\u00a0\u00a0Michoac\u00e1n, 09 de abril de 2018.-<\/b>\u00a0\u00a0\u00a0En medio de la falta de atenci\u00f3n y coordinaci\u00f3n policial del ayuntamiento capitalino, la madrugada de este viernes, nuevamente se registraron hechos violentos en la capital michoacana, los cuales no cesan, por el contrario, van en aumento sin que hasta el momento la autoridad independiente tome cartas en el asunto, se\u00f1al\u00f3 el diputado local del Partido Acci\u00f3n Nacional, Eduardo Garc\u00eda Chavira, quien exigi\u00f3 la instalaci\u00f3n de una estrategia de seguridad conjunta, ya que se debe priorizar la tranquilidad de los morelianos a los intereses personales.<\/p>\n<p class=\"x_MsoNormal\">Acompa\u00f1ado por el vocero de la coalici\u00f3n \u201cAl frente por Morelia\u201d, Miguel \u00c1ngel Ch\u00e1vez Zavala y el regidor municipal del PAN, Benjam\u00edn Farf\u00e1n Reyes, el legislador local lament\u00f3 la inseguridad que se vive en Morelia, la cual provoc\u00f3 psicosis y p\u00e1nico entre la poblaci\u00f3n la madrugada de este viernes por los diversos enfrentamientos registrados en la capital michoacana, sin que hasta el momento se informe el avance de la investigaci\u00f3n.<\/p>\n<p class=\"x_MsoNormal\">\u201cNo es posible que la autoridad est\u00e9 distra\u00edda en el registro del candidato independiente y nos deje en un estado de indefensi\u00f3n en las calles de nuestra ciudad, donde no solamente son los delitos del fuero com\u00fan, que se registran a diario y que van en aumento, si no que ahora hasta tenemos balaceras y enfrentamientos. Nuestra ciudad se ti\u00f1e de rojo y las autoridades solamente se concentran en negar a los medios de comunicaci\u00f3n la violencia e inseguridad en la que nos encontramos los morelianos\u201d, expres\u00f3.<\/p>\n<p class=\"x_MsoNormal\">El legislador local demand\u00f3 al ayuntamiento sin partido que explique las razones por las que se ha negado a reunirse con el gobierno estatal para trabajar en una estrategia que resuelva el problema, en el que claramente se requiere ayuda, ya que el m\u00e9todo que se ha presumido por supuestos reconocimientos internacionales simplemente no da resultados en las calles.<\/p>\n<p class=\"x_MsoNormal\">\u201cQueremos saber cu\u00e1l es la raz\u00f3n por la que nuestro alcalde simplemente se niega a trabajar de manera conjunta con el gobierno estatal, se han dedicado \u00fanicamente a negar que Morelia sea uno de los 50 municipios m\u00e1s inseguros en el pa\u00eds, que los delitos del fuero com\u00fan van en aumento y que m\u00e1s del 70 por ciento de los morelianos no se sienten seguros y consideran que la violencia va en aumento. Los n\u00fameros y la realidad es muy diferente a la que vive nuestro alcalde independiente\u201d, finaliz\u00f3.<\/p>\n","protected":false},"excerpt":{"rendered":"<p>Urge la estrategia de seguridad coordinada con el gobierno estatal para la capital michoacana \u00a0 Morelia;\u00a0\u00a0Michoac\u00e1n, 09 de abril de 2018.-\u00a0\u00a0\u00a0En medio de la falta de atenci\u00f3n y coordinaci\u00f3n policial del ayuntamiento capitalino, la madrugada de este viernes, nuevamente se registraron hechos violentos en la capital michoacana, los cuales no cesan, por el contrario, van [&hellip;]<\/p>\n","protected":false},"author":2,"featured_media":52099,"comment_status":"closed","ping_status":"closed","sticky":false,"template":"","format":"standard","meta":{"footnotes":""},"categories":[6,14],"tags":[],"class_list":["post-52098","post","type-post","status-publish","format-standard","has-post-thumbnail","hentry","category-congreso-del-estado","category-destacadas"],"_links":{"self":[{"href":"https:\/\/radiowebmx.com\/nota\/wp-json\/wp\/v2\/posts\/52098","targetHints":{"allow":["GET"]}}],"collection":[{"href":"https:\/\/radiowebmx.com\/nota\/wp-json\/wp\/v2\/posts"}],"about":[{"href":"https:\/\/radiowebmx.com\/nota\/wp-json\/wp\/v2\/types\/post"}],"author":[{"embeddable":true,"href":"https:\/\/radiowebmx.com\/nota\/wp-json\/wp\/v2\/users\/2"}],"replies":[{"embeddable":true,"href":"https:\/\/radiowebmx.com\/nota\/wp-json\/wp\/v2\/comments?post=52098"}],"version-history":[{"count":1,"href":"https:\/\/radiowebmx.com\/nota\/wp-json\/wp\/v2\/posts\/52098\/revisions"}],"predecessor-version":[{"id":52100,"href":"https:\/\/radiowebmx.com\/nota\/wp-json\/wp\/v2\/posts\/52098\/revisions\/52100"}],"wp:featuredmedia":[{"embeddable":true,"href":"https:\/\/radiowebmx.com\/nota\/wp-json\/wp\/v2\/media\/52099"}],"wp:attachment":[{"href":"https:\/\/radiowebmx.com\/nota\/wp-json\/wp\/v2\/media?parent=52098"}],"wp:term":[{"taxonomy":"category","embeddable":true,"href":"https:\/\/radiowebmx.com\/nota\/wp-json\/wp\/v2\/categories?post=52098"},{"taxonomy":"post_tag","embeddable":true,"href":"https:\/\/radiowebmx.com\/nota\/wp-json\/wp\/v2\/tags?post=52098"}],"curies":[{"name":"wp","href":"https:\/\/api.w.org\/{rel}","templated":true}]}}