{"id":52077,"date":"2018-04-07T19:20:09","date_gmt":"2018-04-08T00:20:09","guid":{"rendered":"https:\/\/radiowebmx.com\/nota\/?p=52077"},"modified":"2018-04-09T11:16:33","modified_gmt":"2018-04-09T16:16:33","slug":"recibe-indaparapeo-a-maestros-internacionales-de-la-pirotecnia","status":"publish","type":"post","link":"https:\/\/radiowebmx.com\/nota\/recibe-indaparapeo-a-maestros-internacionales-de-la-pirotecnia\/","title":{"rendered":"Recibe Indaparapeo a maestros internacionales de la pirotecnia"},"content":{"rendered":"<p><img loading=\"lazy\" decoding=\"async\" class=\"\" src=\"https:\/\/gallery.mailchimp.com\/c3679d81029880892ab85d106\/_compresseds\/d647ac95-dc3c-4330-9fe0-a640ae714777.jpg\" width=\"400\" height=\"266\" \/><\/p>\n<p>&nbsp;<\/p>\n<p><strong>Morelia, Michoac\u00e1n, a 7 de abril de 2018.-\u00a0\u00a0<\/strong>En el marco de la de la 5\u00aa Feria Internacional de la Pirotecnia, y como parte de los festejos del municipio de Indaparapeo, ayer fue inaugurada oficialmente esta gran fiesta, en la que se anunci\u00f3 la participaci\u00f3n de maestras y maestros de la pirotecnia procedentes de Argentina, Colombia, Italia y M\u00e9xico.<\/p>\n<p>El vocal ejecutivo del Centro Estatal para el Desarrollo Municipal (Cedemun), Israel Tentory Garc\u00eda, extern\u00f3 su benepl\u00e1cito por la realizaci\u00f3n de este evento internacional, ya que atraer\u00e1 turismo al estado y coadyuvar\u00e1 al desarrollo econ\u00f3mico de la regi\u00f3n.<\/p>\n<p>Por su parte, el alcalde de Indaparapeo, Alejandro G\u00e1mez Vega, mencion\u00f3 que esta feria representa la identidad de las tradiciones y la cultura de las y los habitantes de este municipio.<\/p>\n<p>Durante este evento se detall\u00f3 que adem\u00e1s de la participaci\u00f3n internacional de art\u00edfices de la pirotecnia, se cuenta con expositores especialistas de los estados de Coahuila, Estado de M\u00e9xico, Hidalgo, Puebla, Tlaxcala, as\u00ed como Michoac\u00e1n.<\/p>\n<p>La 5\u00aa Feria Internacional de la Pirotecnia se desarrolla en la Unidad Deportiva del municipio y concluye ma\u00f1ana, en donde se prev\u00e9 la quema de cinco toneladas de p\u00f3lvora y la asistencia de aproximadamente 40 mil personas.<\/p>\n<p>&nbsp;<\/p>\n<p><img loading=\"lazy\" decoding=\"async\" class=\"\" src=\"https:\/\/gallery.mailchimp.com\/c3679d81029880892ab85d106\/images\/1c791e94-8141-40e7-946e-c600cbcdb63a.jpg\" width=\"400\" height=\"300\" \/><\/p>\n","protected":false},"excerpt":{"rendered":"<p>&nbsp; Morelia, Michoac\u00e1n, a 7 de abril de 2018.-\u00a0\u00a0En el marco de la de la 5\u00aa Feria Internacional de la Pirotecnia, y como parte de los festejos del municipio de Indaparapeo, ayer fue inaugurada oficialmente esta gran fiesta, en la que se anunci\u00f3 la participaci\u00f3n de maestras y maestros de la pirotecnia procedentes de Argentina, [&hellip;]<\/p>\n","protected":false},"author":2,"featured_media":52078,"comment_status":"closed","ping_status":"closed","sticky":false,"template":"","format":"standard","meta":{"footnotes":""},"categories":[14,3,60],"tags":[],"class_list":["post-52077","post","type-post","status-publish","format-standard","has-post-thumbnail","hentry","category-destacadas","category-gobierno-del-estado-de-michoacan","category-michoacan"],"_links":{"self":[{"href":"https:\/\/radiowebmx.com\/nota\/wp-json\/wp\/v2\/posts\/52077","targetHints":{"allow":["GET"]}}],"collection":[{"href":"https:\/\/radiowebmx.com\/nota\/wp-json\/wp\/v2\/posts"}],"about":[{"href":"https:\/\/radiowebmx.com\/nota\/wp-json\/wp\/v2\/types\/post"}],"author":[{"embeddable":true,"href":"https:\/\/radiowebmx.com\/nota\/wp-json\/wp\/v2\/users\/2"}],"replies":[{"embeddable":true,"href":"https:\/\/radiowebmx.com\/nota\/wp-json\/wp\/v2\/comments?post=52077"}],"version-history":[{"count":1,"href":"https:\/\/radiowebmx.com\/nota\/wp-json\/wp\/v2\/posts\/52077\/revisions"}],"predecessor-version":[{"id":52079,"href":"https:\/\/radiowebmx.com\/nota\/wp-json\/wp\/v2\/posts\/52077\/revisions\/52079"}],"wp:featuredmedia":[{"embeddable":true,"href":"https:\/\/radiowebmx.com\/nota\/wp-json\/wp\/v2\/media\/52078"}],"wp:attachment":[{"href":"https:\/\/radiowebmx.com\/nota\/wp-json\/wp\/v2\/media?parent=52077"}],"wp:term":[{"taxonomy":"category","embeddable":true,"href":"https:\/\/radiowebmx.com\/nota\/wp-json\/wp\/v2\/categories?post=52077"},{"taxonomy":"post_tag","embeddable":true,"href":"https:\/\/radiowebmx.com\/nota\/wp-json\/wp\/v2\/tags?post=52077"}],"curies":[{"name":"wp","href":"https:\/\/api.w.org\/{rel}","templated":true}]}}