{"id":52074,"date":"2018-04-08T13:37:40","date_gmt":"2018-04-08T18:37:40","guid":{"rendered":"https:\/\/radiowebmx.com\/nota\/?p=52074"},"modified":"2018-04-09T11:13:57","modified_gmt":"2018-04-09T16:13:57","slug":"busca-michoacan-sede-de-convencion-nacional-de-canacintra","status":"publish","type":"post","link":"https:\/\/radiowebmx.com\/nota\/busca-michoacan-sede-de-convencion-nacional-de-canacintra\/","title":{"rendered":"Busca Michoac\u00e1n sede de convenci\u00f3n nacional de Canacintra"},"content":{"rendered":"<p><img loading=\"lazy\" decoding=\"async\" class=\"\" src=\"https:\/\/gallery.mailchimp.com\/c3679d81029880892ab85d106\/images\/de391512-354d-49fb-9655-17a11f332be1.jpg\" width=\"400\" height=\"300\" \/><\/p>\n<p>&nbsp;<\/p>\n<ul>\n<li><strong>Sedeco y organismos empresariales firman convenio para juntos buscar la sede del encuentro en 2019.<\/strong><\/li>\n<\/ul>\n<p>&nbsp;<\/p>\n<p><strong>Morelia, Michoac\u00e1n, a 8 de abril de 2018.-<\/strong>\u00a0Con la firma de un convenio de colaboraci\u00f3n, la Secretar\u00eda de Desarrollo Econ\u00f3mico (Sedeco) y el Consejo Coordinador Empresarial del Estado de Michoac\u00e1n (CCEEM) conjugar\u00e1n acciones para que Michoac\u00e1n sea la sede nacional de la Convenci\u00f3n Anual de la C\u00e1mara Nacional de la Industria de Transformaci\u00f3n (Canacintra) en 2019.<\/p>\n<p>En el marco de la firma de convenio, Agust\u00edn Arriaga Diez y H\u00e9ctor Tinoco Gardu\u00f1o, presidente del CCEEM y ex presidente de Canacintra Michoac\u00e1n, respectivamente, informaron que se proyecta que Morelia sea sede de la convenci\u00f3n de la Canacintra para el pr\u00f3ximo a\u00f1o; por ello, se presentar\u00e1 la postulaci\u00f3n durante la convenci\u00f3n que se realizar\u00e1 en Quer\u00e9taro el pr\u00f3ximo mes de junio.<\/p>\n<p>Durante las convenciones nacionales de Canacintra se re\u00fanen alrededor de mil 500 empresarios y empresarias de las 50 mil empresas agremiadas a la c\u00e1mara, por lo que se espera atraer a Morelia este evento que traer\u00eda una importante derrama econ\u00f3mica y que permitir\u00eda que el sector conozca de cerca las ventajas de la Zona Econ\u00f3mica Especial (ZEE) de L\u00e1zaro C\u00e1rdenas- La Uni\u00f3n.<\/p>\n<p>Cabe mencionar que el convenio de colaboraci\u00f3n fue signado durante una reuni\u00f3n entre organismos empresariales y autoridades de la Sedeco, en la que se dieron a conocer las ventajas competitivas y comparativas de la ZEE L\u00e1zaro C\u00e1rdenas-La Uni\u00f3n.<\/p>\n<p>&nbsp;<\/p>\n","protected":false},"excerpt":{"rendered":"<p>&nbsp; Sedeco y organismos empresariales firman convenio para juntos buscar la sede del encuentro en 2019. &nbsp; Morelia, Michoac\u00e1n, a 8 de abril de 2018.-\u00a0Con la firma de un convenio de colaboraci\u00f3n, la Secretar\u00eda de Desarrollo Econ\u00f3mico (Sedeco) y el Consejo Coordinador Empresarial del Estado de Michoac\u00e1n (CCEEM) conjugar\u00e1n acciones para que Michoac\u00e1n sea la [&hellip;]<\/p>\n","protected":false},"author":2,"featured_media":52075,"comment_status":"closed","ping_status":"closed","sticky":false,"template":"","format":"standard","meta":{"footnotes":""},"categories":[14,3,60],"tags":[],"class_list":["post-52074","post","type-post","status-publish","format-standard","has-post-thumbnail","hentry","category-destacadas","category-gobierno-del-estado-de-michoacan","category-michoacan"],"_links":{"self":[{"href":"https:\/\/radiowebmx.com\/nota\/wp-json\/wp\/v2\/posts\/52074","targetHints":{"allow":["GET"]}}],"collection":[{"href":"https:\/\/radiowebmx.com\/nota\/wp-json\/wp\/v2\/posts"}],"about":[{"href":"https:\/\/radiowebmx.com\/nota\/wp-json\/wp\/v2\/types\/post"}],"author":[{"embeddable":true,"href":"https:\/\/radiowebmx.com\/nota\/wp-json\/wp\/v2\/users\/2"}],"replies":[{"embeddable":true,"href":"https:\/\/radiowebmx.com\/nota\/wp-json\/wp\/v2\/comments?post=52074"}],"version-history":[{"count":1,"href":"https:\/\/radiowebmx.com\/nota\/wp-json\/wp\/v2\/posts\/52074\/revisions"}],"predecessor-version":[{"id":52076,"href":"https:\/\/radiowebmx.com\/nota\/wp-json\/wp\/v2\/posts\/52074\/revisions\/52076"}],"wp:featuredmedia":[{"embeddable":true,"href":"https:\/\/radiowebmx.com\/nota\/wp-json\/wp\/v2\/media\/52075"}],"wp:attachment":[{"href":"https:\/\/radiowebmx.com\/nota\/wp-json\/wp\/v2\/media?parent=52074"}],"wp:term":[{"taxonomy":"category","embeddable":true,"href":"https:\/\/radiowebmx.com\/nota\/wp-json\/wp\/v2\/categories?post=52074"},{"taxonomy":"post_tag","embeddable":true,"href":"https:\/\/radiowebmx.com\/nota\/wp-json\/wp\/v2\/tags?post=52074"}],"curies":[{"name":"wp","href":"https:\/\/api.w.org\/{rel}","templated":true}]}}