{"id":52071,"date":"2018-04-08T10:32:39","date_gmt":"2018-04-08T15:32:39","guid":{"rendered":"https:\/\/radiowebmx.com\/nota\/?p=52071"},"modified":"2018-04-09T10:34:49","modified_gmt":"2018-04-09T15:34:49","slug":"realiza-pri-michoacan-activismo-a-favor-de-pepe-meade","status":"publish","type":"post","link":"https:\/\/radiowebmx.com\/nota\/realiza-pri-michoacan-activismo-a-favor-de-pepe-meade\/","title":{"rendered":"REALIZA PRI MICHOAC\u00c1N ACTIVISMO A FAVOR DE \u201cPEPE\u201d MEADE"},"content":{"rendered":"<p><img loading=\"lazy\" decoding=\"async\" class=\"\" src=\"https:\/\/attachment.outlook.live.net\/owa\/ultrapolitica@hotmail.com\/service.svc\/s\/GetAttachmentThumbnail?id=AQMkADAwATYwMAItODMyNi00ODU0LTAwAi0wMAoARgAAA5HawHgQuq9DrqMPu%2BRLC5sHANRV7lYdW%2FpNtd2j%2BEW2swoAAAIBDAAAANRV7lYdW%2FpNtd2j%2BEW2swoAAkfAXbwAAAABEgAQAOEOv98QKSpCie3ZZYUygRA%3D&amp;thumbnailType=2&amp;X-OWA-CANARY=c1hcGvK6kEi4fyCXTEidQMBfyhkvntUYgKiYQ_a0ssOCtV81czUdmcj6S-qgFjmSdeXkX8UJ9ms.&amp;token=eyJ0eXAiOiJKV1QiLCJhbGciOiJSUzI1NiIsIng1dCI6IkJnRDU5blJpQnpmbk5BVGloOFJhZ1l5M3pyZyJ9.eyJ2ZXIiOiJFeGNoYW5nZS5DYWxsYmFjay5WMSIsImFwcGN0eHNlbmRlciI6Ik93YURvd25sb2FkQDg0ZGY5ZTdmLWU5ZjYtNDBhZi1iNDM1LWFhYWFhYWFhYWFhYSIsImFwcGN0eCI6IntcIm1zZXhjaHByb3RcIjpcIm93YVwiLFwicHJpbWFyeXNpZFwiOlwiUy0xLTI4MjctMzkzMjE2LTIyMDAzMjQxODBcIixcInB1aWRcIjpcIjE2ODg4NTIwNjA1ODgxMTZcIixcIm9pZFwiOlwiMDAwNjAwMDAtODMyNi00ODU0LTAwMDAtMDAwMDAwMDAwMDAwXCIsXCJzY29wZVwiOlwiT3dhRG93bmxvYWRcIn0iLCJpc3MiOiIwMDAwMDAwMi0wMDAwLTBmZjEtY2UwMC0wMDAwMDAwMDAwMDBAODRkZjllN2YtZTlmNi00MGFmLWI0MzUtYWFhYWFhYWFhYWFhIiwiYXVkIjoiMDAwMDAwMDItMDAwMC0wZmYxLWNlMDAtMDAwMDAwMDAwMDAwL2F0dGFjaG1lbnQub3V0bG9vay5saXZlLm5ldEA4NGRmOWU3Zi1lOWY2LTQwYWYtYjQzNS1hYWFhYWFhYWFhYWEiLCJleHAiOjE1MjMyODg0NjEsIm5iZiI6MTUyMzI4Nzg2MX0.cq3ntpm7sY8s5d6kEEpcH58hbrEog5Gebmdt7GTXvvmVEvMr3rxW_CJ1CVvHf96rJVi4Xc3B4GNiCNN01GmiIus7M7TXoBNMkWmJ4tZYHIzHzFJSElXt6nWVLLVCNilCIDSze_qZzPTSxf-fds7diL3EgmdomEZTPO6XbDUOJcR52NiVLpBnTKC7EkhLe6lFl4FpioM4hRiAnhPSG8dKXSoT6PkoE8oj2uao7QfLAZKclJYMdmY0toEvvpRSfxQ323npemEMFHqmvIW3kltwY_OG_SIvdRf1AiMNoHApGqrDHjvde_fL_zELwBYBPcGiqUkzZ6eFOKKvfAB8fkERJw&amp;owa=outlook.live.com&amp;isc=1\" width=\"399\" height=\"224\" \/><\/p>\n<p>&nbsp;<\/p>\n<p><strong>Morelia, Michoac\u00e1n a 07 de Abril de 2018.<\/strong> El presidente del Comit\u00e9 Directivo Estatal (CDE) del PRI Michoac\u00e1n, V\u00edctor Silva Tejeda, realiz\u00f3 activismo en las principales avenidas de la capital michoacana en apoyo al candidato a la presidencia de la Rep\u00fablica \u201cPepe\u201d Meade.<\/p>\n<p>Acompa\u00f1ado de los candidatos a diputados federales de la capital michoacana, Ger\u00f3nimo Color Gasca candidato por el Distrito 10 y Wilfrido L\u00e1zaro Medina, aspirante al Distrito 8, as\u00ed como de la presidente del Comit\u00e9 Municipal del PRI Morelia, Marisol Aguilar Aguilar, recorri\u00f3 las calles para invitar a la ciudadan\u00eda que brinde su confianza a los candidatos del PRI.<\/p>\n<p>Esta actividad se realiz\u00f3 en el interior del estado, en m\u00e1s de 600 cruceros y\u00a0 en la que estuvieron presentes los candidatos a senadores: To\u00f1o Ixtl\u00e1huac Orihuela y X\u00f3chitl Ru\u00edz, as\u00ed como los aspirantes a la C\u00e1mara Baja en los 10 distritos restantes y en los distintos municipios, en apoyo al abanderado del tricolor.<\/p>\n<p>Atrav\u00e9s del contacto directo con la ciudadan\u00eda, el l\u00edder del tricolor escuch\u00f3 las demandas que tiene la sociedad y se comprometi\u00f3 en conjunto con los candidatos de continuar los trabajos en favor de los michoacanos, que se ver\u00e1n reflejados desde una curul de la C\u00e1mara Baja.<\/p>\n<p>Silva Tejeda, ratific\u00f3 la unidad que existe en el partido \u201cestamos con nuestros candidatos que seguramente aportar\u00e1n gran cantidad de votos al proyecto de Pepe Meade\u201d.<\/p>\n<p>En dicho evento estuvieron presentes adem\u00e1s, Rodrigo Maldonado, enlace con la Sociedad Civil, as\u00ed como representantes de los diferentes organismos y sectores de la instituci\u00f3n.<\/p>\n","protected":false},"excerpt":{"rendered":"<p>&nbsp; Morelia, Michoac\u00e1n a 07 de Abril de 2018. El presidente del Comit\u00e9 Directivo Estatal (CDE) del PRI Michoac\u00e1n, V\u00edctor Silva Tejeda, realiz\u00f3 activismo en las principales avenidas de la capital michoacana en apoyo al candidato a la presidencia de la Rep\u00fablica \u201cPepe\u201d Meade. Acompa\u00f1ado de los candidatos a diputados federales de la capital michoacana, [&hellip;]<\/p>\n","protected":false},"author":2,"featured_media":52072,"comment_status":"closed","ping_status":"closed","sticky":false,"template":"","format":"standard","meta":{"footnotes":""},"categories":[14,11,12],"tags":[],"class_list":["post-52071","post","type-post","status-publish","format-standard","has-post-thumbnail","hentry","category-destacadas","category-partidos-politicos","category-pri"],"_links":{"self":[{"href":"https:\/\/radiowebmx.com\/nota\/wp-json\/wp\/v2\/posts\/52071","targetHints":{"allow":["GET"]}}],"collection":[{"href":"https:\/\/radiowebmx.com\/nota\/wp-json\/wp\/v2\/posts"}],"about":[{"href":"https:\/\/radiowebmx.com\/nota\/wp-json\/wp\/v2\/types\/post"}],"author":[{"embeddable":true,"href":"https:\/\/radiowebmx.com\/nota\/wp-json\/wp\/v2\/users\/2"}],"replies":[{"embeddable":true,"href":"https:\/\/radiowebmx.com\/nota\/wp-json\/wp\/v2\/comments?post=52071"}],"version-history":[{"count":1,"href":"https:\/\/radiowebmx.com\/nota\/wp-json\/wp\/v2\/posts\/52071\/revisions"}],"predecessor-version":[{"id":52073,"href":"https:\/\/radiowebmx.com\/nota\/wp-json\/wp\/v2\/posts\/52071\/revisions\/52073"}],"wp:featuredmedia":[{"embeddable":true,"href":"https:\/\/radiowebmx.com\/nota\/wp-json\/wp\/v2\/media\/52072"}],"wp:attachment":[{"href":"https:\/\/radiowebmx.com\/nota\/wp-json\/wp\/v2\/media?parent=52071"}],"wp:term":[{"taxonomy":"category","embeddable":true,"href":"https:\/\/radiowebmx.com\/nota\/wp-json\/wp\/v2\/categories?post=52071"},{"taxonomy":"post_tag","embeddable":true,"href":"https:\/\/radiowebmx.com\/nota\/wp-json\/wp\/v2\/tags?post=52071"}],"curies":[{"name":"wp","href":"https:\/\/api.w.org\/{rel}","templated":true}]}}