{"id":52068,"date":"2018-04-08T10:28:56","date_gmt":"2018-04-08T15:28:56","guid":{"rendered":"https:\/\/radiowebmx.com\/nota\/?p=52068"},"modified":"2018-04-09T10:32:18","modified_gmt":"2018-04-09T15:32:18","slug":"iem-acepta-separacion-del-pes-de-la-coalicion-juntos-haremos-historia","status":"publish","type":"post","link":"https:\/\/radiowebmx.com\/nota\/iem-acepta-separacion-del-pes-de-la-coalicion-juntos-haremos-historia\/","title":{"rendered":"IEM acepta separaci\u00f3n del PES de la coalici\u00f3n \u201cJuntos Haremos Historia\u201d"},"content":{"rendered":"<p><img loading=\"lazy\" decoding=\"async\" class=\"\" src=\"https:\/\/attachment.outlook.live.net\/owa\/ultrapolitica@hotmail.com\/service.svc\/s\/GetFileAttachment?id=AQMkADAwATYwMAItODMyNi00ODU0LTAwAi0wMAoARgAAA5HawHgQuq9DrqMPu%2BRLC5sHANRV7lYdW%2FpNtd2j%2BEW2swoAAAIBDAAAANRV7lYdW%2FpNtd2j%2BEW2swoAAkfAXb4AAAABEgAQAJFKAaCW5BRJuSyr%2FNqgZ2w%3D&amp;X-OWA-CANARY=-qLjl3Sud0eXOMmaQ5My4wCtPKcuntUY9aQlryhnOXdcANUuZPtVcX-a5z7-Wl3ij0SRrHviM0I.&amp;token=eyJ0eXAiOiJKV1QiLCJhbGciOiJSUzI1NiIsIng1dCI6IkJnRDU5blJpQnpmbk5BVGloOFJhZ1l5M3pyZyJ9.eyJ2ZXIiOiJFeGNoYW5nZS5DYWxsYmFjay5WMSIsImFwcGN0eHNlbmRlciI6Ik93YURvd25sb2FkQDg0ZGY5ZTdmLWU5ZjYtNDBhZi1iNDM1LWFhYWFhYWFhYWFhYSIsImFwcGN0eCI6IntcIm1zZXhjaHByb3RcIjpcIm93YVwiLFwicHJpbWFyeXNpZFwiOlwiUy0xLTI4MjctMzkzMjE2LTIyMDAzMjQxODBcIixcInB1aWRcIjpcIjE2ODg4NTIwNjA1ODgxMTZcIixcIm9pZFwiOlwiMDAwNjAwMDAtODMyNi00ODU0LTAwMDAtMDAwMDAwMDAwMDAwXCIsXCJzY29wZVwiOlwiT3dhRG93bmxvYWRcIn0iLCJpc3MiOiIwMDAwMDAwMi0wMDAwLTBmZjEtY2UwMC0wMDAwMDAwMDAwMDBAODRkZjllN2YtZTlmNi00MGFmLWI0MzUtYWFhYWFhYWFhYWFhIiwiYXVkIjoiMDAwMDAwMDItMDAwMC0wZmYxLWNlMDAtMDAwMDAwMDAwMDAwL2F0dGFjaG1lbnQub3V0bG9vay5saXZlLm5ldEA4NGRmOWU3Zi1lOWY2LTQwYWYtYjQzNS1hYWFhYWFhYWFhYWEiLCJleHAiOjE1MjMyODgxNjAsIm5iZiI6MTUyMzI4NzU2MH0.XUxN5AWMtTg58UDbZxQ2hYMJW9HXqY1I0ygH7_zwJ8nbj_xkRIQ8tT6r-cCRaR-01D6PV9Dj_WWwbDAYq96Rnjr1aacwXqGRxvOCdAHtt55o4KS6jwhbV29alLAgL97KX2tneR6uQ3UhxCafeHpPTSS36TZHJxo18ci9GMJTGgbaoMAggziSOOPwbTBkh0JWp-Mss2JFfKIBx-JKlD3sBHUg-WoIWpTjN1uefQHYWaaQxV_93NXGLYZhXJCiutIVtc7-cYv4CjbnXTXxGd000XDcYatPFAFb2cpGZufjYtPCd4lbeOvvrcV8B2Da2smyLdMR_wFqgUQmgcaqxTdsyQ&amp;owa=outlook.live.com&amp;isc=1&amp;isImagePreview=True\" width=\"400\" height=\"248\" \/><\/p>\n<ul>\n<li><strong><span lang=\"ES\">Avala Consejo General del IEM separaci\u00f3n del Partido Encuentro Social de la coalici\u00f3n \u201cJuntos Haremos Historia&#8221;<\/span><\/strong><\/li>\n<\/ul>\n<p class=\"x_MsoNormal\" align=\"center\"><span lang=\"ES\">\u00a0<\/span><\/p>\n<p class=\"x_MsoNormal\"><span lang=\"ES\">Morelia, Michoac\u00e1n a 8 de abril de 2018.-\u00a0\u00a0Con respecto a la solicitud que present\u00f3 la semana pasada la dirigencia estatal del Partido Encuentro Social (PES) para separarse de la coalici\u00f3n \u201cJuntos Haremos Historia\u201d, en sesi\u00f3n extraordinaria urgente, el Consejo General del Instituto Electoral del Michoac\u00e1n (IEM) aprob\u00f3 por unanimidad esta petici\u00f3n.<\/span><\/p>\n<p class=\"x_MsoNormal\"><span lang=\"ES\">El Consejero Presidente, Dr. Ram\u00f3n Hern\u00e1ndez Reyes, as\u00ed como los consejeros electorales, Lic. Irma Ram\u00edrez Cruz, Dr. Humberto Urquiza Mart\u00ednez, Dra. Yurisha Andrade Morales, Mtra. Araceli Guti\u00e9rrez Cort\u00e9s, Lic. Luis Ignacio Pe\u00f1a God\u00ednez y Lic. Viridiana Villase\u00f1or Aguirre, coincidieron en que el Partido Encuentro Social (PES) cumpli\u00f3 con los lineamientos legales correspondientes, por lo que se le permiti\u00f3 la separaci\u00f3n de la coalici\u00f3n que conformaba con el Partido del Trabajo (PT) y Movimiento de Regeneraci\u00f3n Nacional (Morena).<\/span><\/p>\n<p class=\"x_MsoNormal\"><span lang=\"ES\">Estos dos institutos pol\u00edticos PT y PES contar\u00e1n con 48 horas para notificar al organismo electoral los t\u00e9rminos y condiciones en que quedar\u00e1 el convenio de coalici\u00f3n, inform\u00f3 el Consejero Presidente, Ram\u00f3n Hern\u00e1ndez, mismos que \u201cno deber\u00e1n contener elementos novedosos que alteren en esencia los contenidos y alcances del convenio que nos ocupa\u201d, advirti\u00f3.<\/span><\/p>\n<p class=\"x_MsoNormal\"><span lang=\"ES\">Hern\u00e1ndez Reyes expuso que se atendieron dos aspectos para llegar a esta determinaci\u00f3n. En primer lugar, la personer\u00eda y facultades de quienes presentaron los dos documentos en que se solicitaba la separaci\u00f3n total del PES de la coalici\u00f3n. En este caso, se consider\u00f3 que tanto Hugo Eric Flores Cervantes, dirigente nacional del partido como Berl\u00edn Rodr\u00edguez Soria, representante legal del mismo, certificaciones del car\u00e1cter por el cual se sustentan ambos de acuerdo a los estatutos de su instituto pol\u00edtico, adem\u00e1s de que Flores Cervantes fue quien firm\u00f3 el convenio de coalici\u00f3n.<\/span><\/p>\n<p class=\"x_MsoNormal\"><span lang=\"ES\">En segundo lugar, prosigui\u00f3 el Consejero Presidente, se requer\u00eda que se notificara por escrito a los partidos pol\u00edticos que conforman la coalici\u00f3n, as\u00ed como a la Comisi\u00f3n Coordinadora Nacional, lo cual se cumpli\u00f3 a cabalidad.<\/span><\/p>\n<p class=\"x_MsoNormal\"><span lang=\"ES\">Con esta resoluci\u00f3n, apunt\u00f3 Hern\u00e1ndez Reyes, se da por atendidas dos solicitudes hechas por el partido Morena y el PT, el primero, en raz\u00f3n de que no se permitiera la separaci\u00f3n del PES; del segundo, para insistir en una separaci\u00f3n parcial de la coalici\u00f3n, lo cual, reiter\u00f3, no es una figura que exista legalmente.\u00a0\u00a0Por tanto, se dio el no ha lugar a ambas peticiones.<\/span><\/p>\n","protected":false},"excerpt":{"rendered":"<p>Avala Consejo General del IEM separaci\u00f3n del Partido Encuentro Social de la coalici\u00f3n \u201cJuntos Haremos Historia&#8221; \u00a0 Morelia, Michoac\u00e1n a 8 de abril de 2018.-\u00a0\u00a0Con respecto a la solicitud que present\u00f3 la semana pasada la dirigencia estatal del Partido Encuentro Social (PES) para separarse de la coalici\u00f3n \u201cJuntos Haremos Historia\u201d, en sesi\u00f3n extraordinaria urgente, el [&hellip;]<\/p>\n","protected":false},"author":2,"featured_media":52069,"comment_status":"closed","ping_status":"closed","sticky":false,"template":"","format":"standard","meta":{"footnotes":""},"categories":[14],"tags":[],"class_list":["post-52068","post","type-post","status-publish","format-standard","has-post-thumbnail","hentry","category-destacadas"],"_links":{"self":[{"href":"https:\/\/radiowebmx.com\/nota\/wp-json\/wp\/v2\/posts\/52068","targetHints":{"allow":["GET"]}}],"collection":[{"href":"https:\/\/radiowebmx.com\/nota\/wp-json\/wp\/v2\/posts"}],"about":[{"href":"https:\/\/radiowebmx.com\/nota\/wp-json\/wp\/v2\/types\/post"}],"author":[{"embeddable":true,"href":"https:\/\/radiowebmx.com\/nota\/wp-json\/wp\/v2\/users\/2"}],"replies":[{"embeddable":true,"href":"https:\/\/radiowebmx.com\/nota\/wp-json\/wp\/v2\/comments?post=52068"}],"version-history":[{"count":1,"href":"https:\/\/radiowebmx.com\/nota\/wp-json\/wp\/v2\/posts\/52068\/revisions"}],"predecessor-version":[{"id":52070,"href":"https:\/\/radiowebmx.com\/nota\/wp-json\/wp\/v2\/posts\/52068\/revisions\/52070"}],"wp:featuredmedia":[{"embeddable":true,"href":"https:\/\/radiowebmx.com\/nota\/wp-json\/wp\/v2\/media\/52069"}],"wp:attachment":[{"href":"https:\/\/radiowebmx.com\/nota\/wp-json\/wp\/v2\/media?parent=52068"}],"wp:term":[{"taxonomy":"category","embeddable":true,"href":"https:\/\/radiowebmx.com\/nota\/wp-json\/wp\/v2\/categories?post=52068"},{"taxonomy":"post_tag","embeddable":true,"href":"https:\/\/radiowebmx.com\/nota\/wp-json\/wp\/v2\/tags?post=52068"}],"curies":[{"name":"wp","href":"https:\/\/api.w.org\/{rel}","templated":true}]}}