{"id":52062,"date":"2018-04-08T18:23:05","date_gmt":"2018-04-08T23:23:05","guid":{"rendered":"https:\/\/radiowebmx.com\/nota\/?p=52062"},"modified":"2018-04-09T10:25:29","modified_gmt":"2018-04-09T15:25:29","slug":"el-frente-es-la-fuerza-politica-que-nos-lleva-a-la-victoria-miguel-angel-villegas-soto","status":"publish","type":"post","link":"https:\/\/radiowebmx.com\/nota\/el-frente-es-la-fuerza-politica-que-nos-lleva-a-la-victoria-miguel-angel-villegas-soto\/","title":{"rendered":"El Frente es la fuerza pol\u00edtica, que nos lleva a la victoria: Miguel \u00c1ngel Villegas Soto"},"content":{"rendered":"<div>Morelia, Michoac\u00e1n., 08 de abril 2018.- &#8220;El Frente es anhelos y demandas de los mexicanos, es el conjunto de los esfuerzos, la \u00fanica fuerza pol\u00edtica y moral para que el partido que est\u00e1 actualmente en poder, salga de la Presidencia de la Republica&#8221;, as\u00ed lo expres\u00f3 el candidato a diputado federal por el distrito 10 del PAN, PRD y Movimiento Ciudadano, Miguel \u00c1ngel Villegas durante su discurso en el evento ante m\u00e1s de 15 mil ciudadanos en la de presentaci\u00f3n de candidatos federales por &#8220;Michoac\u00e1n al Frente&#8221;<\/div>\n<div><\/div>\n<div>Asimismo, el candidato albiazul reafirm\u00f3 ante los miles de simpatizantes del Frente sus ejes de campa\u00f1a: seguridad, combate a la corrupci\u00f3n, generaci\u00f3n empleo, desarrollo cultural y gesti\u00f3n.<\/div>\n<div><\/div>\n<div>La inseguridad en Morelia, fue el tema central que comparti\u00f3 con los simpatizantes, &#8220;hasta el d\u00eda de hoy nuestra ciudad tiene el m\u00e1s alto \u00edndice de robos a casas, asaltos a mano armada a plena luz del d\u00eda, ante las autoridades municipales que han hecho poco para combatir la delincuencia, la sociedad es la que se encuentra totalmente desprotegida&#8221;, finaliz\u00f3 Villegas Soto<\/div>\n","protected":false},"excerpt":{"rendered":"<p>Morelia, Michoac\u00e1n., 08 de abril 2018.- &#8220;El Frente es anhelos y demandas de los mexicanos, es el conjunto de los esfuerzos, la \u00fanica fuerza pol\u00edtica y moral para que el partido que est\u00e1 actualmente en poder, salga de la Presidencia de la Republica&#8221;, as\u00ed lo expres\u00f3 el candidato a diputado federal por el distrito 10 [&hellip;]<\/p>\n","protected":false},"author":2,"featured_media":52063,"comment_status":"closed","ping_status":"closed","sticky":false,"template":"","format":"standard","meta":{"footnotes":""},"categories":[14],"tags":[],"class_list":["post-52062","post","type-post","status-publish","format-standard","has-post-thumbnail","hentry","category-destacadas"],"_links":{"self":[{"href":"https:\/\/radiowebmx.com\/nota\/wp-json\/wp\/v2\/posts\/52062","targetHints":{"allow":["GET"]}}],"collection":[{"href":"https:\/\/radiowebmx.com\/nota\/wp-json\/wp\/v2\/posts"}],"about":[{"href":"https:\/\/radiowebmx.com\/nota\/wp-json\/wp\/v2\/types\/post"}],"author":[{"embeddable":true,"href":"https:\/\/radiowebmx.com\/nota\/wp-json\/wp\/v2\/users\/2"}],"replies":[{"embeddable":true,"href":"https:\/\/radiowebmx.com\/nota\/wp-json\/wp\/v2\/comments?post=52062"}],"version-history":[{"count":1,"href":"https:\/\/radiowebmx.com\/nota\/wp-json\/wp\/v2\/posts\/52062\/revisions"}],"predecessor-version":[{"id":52064,"href":"https:\/\/radiowebmx.com\/nota\/wp-json\/wp\/v2\/posts\/52062\/revisions\/52064"}],"wp:featuredmedia":[{"embeddable":true,"href":"https:\/\/radiowebmx.com\/nota\/wp-json\/wp\/v2\/media\/52063"}],"wp:attachment":[{"href":"https:\/\/radiowebmx.com\/nota\/wp-json\/wp\/v2\/media?parent=52062"}],"wp:term":[{"taxonomy":"category","embeddable":true,"href":"https:\/\/radiowebmx.com\/nota\/wp-json\/wp\/v2\/categories?post=52062"},{"taxonomy":"post_tag","embeddable":true,"href":"https:\/\/radiowebmx.com\/nota\/wp-json\/wp\/v2\/tags?post=52062"}],"curies":[{"name":"wp","href":"https:\/\/api.w.org\/{rel}","templated":true}]}}