{"id":52056,"date":"2018-04-08T18:10:00","date_gmt":"2018-04-08T23:10:00","guid":{"rendered":"https:\/\/radiowebmx.com\/nota\/?p=52056"},"modified":"2018-04-09T10:20:34","modified_gmt":"2018-04-09T15:20:34","slug":"necesarias-medidas-para-atender-la-migracion-de-retorno-francisco-campos","status":"publish","type":"post","link":"https:\/\/radiowebmx.com\/nota\/necesarias-medidas-para-atender-la-migracion-de-retorno-francisco-campos\/","title":{"rendered":"Necesarias medidas para atender la  migraci\u00f3n de retorno: Francisco Campos"},"content":{"rendered":"<p class=\"x_MsoNormal\"><b>Morelia;\u00a0\u00a0Michoac\u00e1n, 08 de abril de 2018.-<\/b>\u00a0\u00a0\u00a0En M\u00e9xico resulta urgente un diagn\u00f3stico puntual del Gobierno Federal sobre el fen\u00f3meno de la migraci\u00f3n de retorno, m\u00e1xime frente a la radicalizaci\u00f3n de las pol\u00edticas antiinmigrantes en Estados Unidos, apunt\u00f3 el diputado integrante de la Comisi\u00f3n de Migraci\u00f3n, Francisco Campos Ruiz.<\/p>\n<p class=\"x_MsoNormal\">El diputado integrante del Grupo Parlamentario del PRD en el Congreso del Estado se\u00f1al\u00f3 que dicho diagn\u00f3stico debe ser la base que permita la generaci\u00f3n de pol\u00edticas p\u00fablicas eficaces para la plena reinserci\u00f3n de los connacionales que vuelven a su tierra.<\/p>\n<p class=\"x_MsoNormal\">\u00a0\u201cOrganizaciones como\u00a0\u00a0la Fundaci\u00f3n Mexicanos y Americanos Todos Trabajando (MATT) reportan que entre el 2005 y el 2016 retornaron para radicar a nuestro pa\u00eds alrededor de un mill\u00f3n 400 mil personas\u201d.<\/p>\n<p class=\"x_MsoNormal\">El diputado local por el Distrito de Coalcom\u00e1n refiri\u00f3 que los datos de dicha Fundaci\u00f3n se\u00f1alan que el 50 por ciento de los migrantes regresan a M\u00e9xico por su propia voluntad, y en algunos casos cuentan con ahorros que buscan invertir en sus localidades de origen.<\/p>\n<p class=\"x_MsoNormal\">\u201cEl fen\u00f3meno de la migraci\u00f3n de retorno es la muestra de que el flujo migratorio al vecino pa\u00eds del norte obedece a\u00fan a motivos fundamentalmente econ\u00f3micos, pues los connacionales van en busca de mayores ingresos con la expectativa de retornar a sus lugares de origen\u201d.<\/p>\n<p class=\"x_MsoNormal\">Por ello Francisco Campos subray\u00f3 que en nuestro pa\u00eds la migraci\u00f3n de retorno debe ser un tema central de la agenda nacional en materia migratoria, ya que uno de los retos que se tienen es lograr mecanismos de retorno ordenado para canalizar de forma efectiva a los migrantes, aprovechar sus talentos y reintegrarlos a la sociedad.<\/p>\n<p class=\"x_MsoNormal\">\u201cLa mayor\u00eda de los migrantes de retorno vuelven a M\u00e9xico por razones emocionales despu\u00e9s de uno a cinco a\u00f1os, y la mayor\u00eda de quienes regresan goza de ingresos ligeramente m\u00e1s altos que los que percib\u00eda en su pa\u00eds antes de migrar a Estados Unidos\u201d.<\/p>\n","protected":false},"excerpt":{"rendered":"<p>Morelia;\u00a0\u00a0Michoac\u00e1n, 08 de abril de 2018.-\u00a0\u00a0\u00a0En M\u00e9xico resulta urgente un diagn\u00f3stico puntual del Gobierno Federal sobre el fen\u00f3meno de la migraci\u00f3n de retorno, m\u00e1xime frente a la radicalizaci\u00f3n de las pol\u00edticas antiinmigrantes en Estados Unidos, apunt\u00f3 el diputado integrante de la Comisi\u00f3n de Migraci\u00f3n, Francisco Campos Ruiz. El diputado integrante del Grupo Parlamentario del PRD [&hellip;]<\/p>\n","protected":false},"author":2,"featured_media":52057,"comment_status":"closed","ping_status":"closed","sticky":false,"template":"","format":"standard","meta":{"footnotes":""},"categories":[6,14],"tags":[],"class_list":["post-52056","post","type-post","status-publish","format-standard","has-post-thumbnail","hentry","category-congreso-del-estado","category-destacadas"],"_links":{"self":[{"href":"https:\/\/radiowebmx.com\/nota\/wp-json\/wp\/v2\/posts\/52056","targetHints":{"allow":["GET"]}}],"collection":[{"href":"https:\/\/radiowebmx.com\/nota\/wp-json\/wp\/v2\/posts"}],"about":[{"href":"https:\/\/radiowebmx.com\/nota\/wp-json\/wp\/v2\/types\/post"}],"author":[{"embeddable":true,"href":"https:\/\/radiowebmx.com\/nota\/wp-json\/wp\/v2\/users\/2"}],"replies":[{"embeddable":true,"href":"https:\/\/radiowebmx.com\/nota\/wp-json\/wp\/v2\/comments?post=52056"}],"version-history":[{"count":1,"href":"https:\/\/radiowebmx.com\/nota\/wp-json\/wp\/v2\/posts\/52056\/revisions"}],"predecessor-version":[{"id":52058,"href":"https:\/\/radiowebmx.com\/nota\/wp-json\/wp\/v2\/posts\/52056\/revisions\/52058"}],"wp:featuredmedia":[{"embeddable":true,"href":"https:\/\/radiowebmx.com\/nota\/wp-json\/wp\/v2\/media\/52057"}],"wp:attachment":[{"href":"https:\/\/radiowebmx.com\/nota\/wp-json\/wp\/v2\/media?parent=52056"}],"wp:term":[{"taxonomy":"category","embeddable":true,"href":"https:\/\/radiowebmx.com\/nota\/wp-json\/wp\/v2\/categories?post=52056"},{"taxonomy":"post_tag","embeddable":true,"href":"https:\/\/radiowebmx.com\/nota\/wp-json\/wp\/v2\/tags?post=52056"}],"curies":[{"name":"wp","href":"https:\/\/api.w.org\/{rel}","templated":true}]}}