{"id":52053,"date":"2018-04-08T16:49:01","date_gmt":"2018-04-08T21:49:01","guid":{"rendered":"https:\/\/radiowebmx.com\/nota\/?p=52053"},"modified":"2018-04-09T10:18:34","modified_gmt":"2018-04-09T15:18:34","slug":"paridad-de-genero-no-es-un-tema-que-solo-atane-a-las-mujeres-angel-cedillo","status":"publish","type":"post","link":"https:\/\/radiowebmx.com\/nota\/paridad-de-genero-no-es-un-tema-que-solo-atane-a-las-mujeres-angel-cedillo\/","title":{"rendered":"Paridad de g\u00e9nero no es un tema que  s\u00f3lo ata\u00f1e a las mujeres: \u00c1ngel Cedillo"},"content":{"rendered":"<p class=\"x_gmail-m-8312779759484159873m-5954580489531256959m199049951258690291gmail-msonospacing\"><b>Morelia;\u00a0\u00a0Michoac\u00e1n, 08 de abril de 2018.-<\/b>\u00a0\u00a0\u00a0<span lang=\"ES\">Trabajar en pos de la paridad de g\u00e9nero no es un asunto que s\u00f3lo ata\u00f1e a las mujeres, los hombres debemos asumir de manera corresponsable este tema que se vincula con la justicia y el respeto a los derechos de todas y todos, apunt\u00f3 el diputado presidente de la Junta de Coordinaci\u00f3n Pol\u00edtica en la\u00a0<span id=\"0.8119615374715117\" class=\"currentHitHighlight\">LXXIII<\/span>\u00a0Legislatura Local, \u00c1ngel Cedillo Hern\u00e1ndez.<\/span><\/p>\n<p class=\"x_gmail-m-8312779759484159873m-5954580489531256959m199049951258690291gmail-msonospacing\"><span lang=\"ES\">El tambi\u00e9n coordinador del Grupo Parlamentario del PRD record\u00f3 que hist\u00f3ricamente el Partido de la Revoluci\u00f3n Democr\u00e1tica ha asumido como propia la lucha por erradicar las formas de violencia a las mujeres, as\u00ed como la batalla por alcanzar la paridad de g\u00e9nero.<\/span><\/p>\n<p class=\"x_gmail-m-8312779759484159873m-5954580489531256959m199049951258690291gmail-msonospacing\"><span lang=\"ES\">\u201cEs una batalla que hemos dado tanto interna como externa en nuestro partido, porque sin lugar a dudas implica una transformaci\u00f3n cultural con una revisi\u00f3n individual profunda y actuante\u201d.<\/span><\/p>\n<p class=\"x_gmail-m-8312779759484159873m-5954580489531256959m199049951258690291gmail-msonospacing\"><span lang=\"ES\">Reconoci\u00f3 que culturalmente existen dificultades no s\u00f3lo para que muchos hombres asuman una condici\u00f3n de igualdad de las mujeres, sino tambi\u00e9n para que las propias mujeres entiendan que la defensa de sus derechos no es una canonj\u00eda o d\u00e1diva, sino una forma de construir un mundo basado en la justicia.<\/span><\/p>\n<p class=\"x_gmail-m-8312779759484159873m-5954580489531256959m199049951258690291gmail-msonospacing\"><span lang=\"ES\">\u201cLa discriminaci\u00f3n sigue siendo un enorme tal\u00f3n de Aquiles en nuestras relaciones humanas, esto se refleja en el quehacer social, en donde al 65.3 por ciento de las michoacanas que laboran se les paga menos que a un var\u00f3n que hace lo mismo.<\/span><\/p>\n<p class=\"x_gmail-m-8312779759484159873m-5954580489531256959m199049951258690291gmail-msonospacing\"><span lang=\"ES\">En ese sentido \u00c1ngel Cedillo refiri\u00f3 que falta mucho camino por andar, sobre todo al revisar las estad\u00edsticas que evidencian como una cotidianidad la violencia a las mujeres tanto en lo familiar, como en lo social, lo laboral y lo pol\u00edtico.<\/span><span lang=\"ES\">\u00a0 \u00a0 \u00a0 \u00a0\u00a0<\/span><\/p>\n<p class=\"x_gmail-m-8312779759484159873m-5954580489531256959m199049951258690291gmail-msonospacing\"><span lang=\"ES\">\u201cEsta discriminaci\u00f3n se ejemplifica con la propia percepci\u00f3n que las mujeres tienen de las oportunidades con que cuentan respecto a nosotros los hombres, es significativo ver como m\u00e1s de la mitad de las mujeres, un 55.4 por ciento consideran m\u00e1s dif\u00edcil lograr un ascenso en sus trabajos que un var\u00f3n\u201d.<\/span><\/p>\n<p class=\"x_gmail-m-8312779759484159873m-5954580489531256959m199049951258690291gmail-msonospacing\"><span lang=\"ES\">El legislador perredista apunt\u00f3 que la percepci\u00f3n femenina parte de una realidad cotidiana, no en balde el 38.4 por ciento de las mujeres michoacanas que trabajan dicen contar con menos prestaciones que los hombres, mientras que al\u00a021.3 las despidieron, no las contrataron, o les bajaron el sueldo debido a su edad o estado civil, en tanto que al 19.2 por ciento les pidieron la prueba de embarazo.<\/span><\/p>\n<p class=\"x_gmail-m-8312779759484159873m-5954580489531256959m199049951258690291gmail-msonospacing\"><span lang=\"ES\">Finalmente el Presidente de la Junta de Coordinaci\u00f3n Pol\u00edtica en el Congreso del Estado, se\u00f1al\u00f3 que \u201cen la medida en que hombres y mujeres comprendamos la importancia de establecer relaciones de igualdad, entenderemos que la justicia emana a partir de nuestras relaciones personales, de la manera en que concebimos al mundo, y nos relacionamos como g\u00e9neros\u201d.<\/span><\/p>\n","protected":false},"excerpt":{"rendered":"<p>Morelia;\u00a0\u00a0Michoac\u00e1n, 08 de abril de 2018.-\u00a0\u00a0\u00a0Trabajar en pos de la paridad de g\u00e9nero no es un asunto que s\u00f3lo ata\u00f1e a las mujeres, los hombres debemos asumir de manera corresponsable este tema que se vincula con la justicia y el respeto a los derechos de todas y todos, apunt\u00f3 el diputado presidente de la Junta [&hellip;]<\/p>\n","protected":false},"author":2,"featured_media":52054,"comment_status":"closed","ping_status":"closed","sticky":false,"template":"","format":"standard","meta":{"footnotes":""},"categories":[6,14],"tags":[],"class_list":["post-52053","post","type-post","status-publish","format-standard","has-post-thumbnail","hentry","category-congreso-del-estado","category-destacadas"],"_links":{"self":[{"href":"https:\/\/radiowebmx.com\/nota\/wp-json\/wp\/v2\/posts\/52053","targetHints":{"allow":["GET"]}}],"collection":[{"href":"https:\/\/radiowebmx.com\/nota\/wp-json\/wp\/v2\/posts"}],"about":[{"href":"https:\/\/radiowebmx.com\/nota\/wp-json\/wp\/v2\/types\/post"}],"author":[{"embeddable":true,"href":"https:\/\/radiowebmx.com\/nota\/wp-json\/wp\/v2\/users\/2"}],"replies":[{"embeddable":true,"href":"https:\/\/radiowebmx.com\/nota\/wp-json\/wp\/v2\/comments?post=52053"}],"version-history":[{"count":1,"href":"https:\/\/radiowebmx.com\/nota\/wp-json\/wp\/v2\/posts\/52053\/revisions"}],"predecessor-version":[{"id":52055,"href":"https:\/\/radiowebmx.com\/nota\/wp-json\/wp\/v2\/posts\/52053\/revisions\/52055"}],"wp:featuredmedia":[{"embeddable":true,"href":"https:\/\/radiowebmx.com\/nota\/wp-json\/wp\/v2\/media\/52054"}],"wp:attachment":[{"href":"https:\/\/radiowebmx.com\/nota\/wp-json\/wp\/v2\/media?parent=52053"}],"wp:term":[{"taxonomy":"category","embeddable":true,"href":"https:\/\/radiowebmx.com\/nota\/wp-json\/wp\/v2\/categories?post=52053"},{"taxonomy":"post_tag","embeddable":true,"href":"https:\/\/radiowebmx.com\/nota\/wp-json\/wp\/v2\/tags?post=52053"}],"curies":[{"name":"wp","href":"https:\/\/api.w.org\/{rel}","templated":true}]}}