{"id":5192,"date":"2014-01-22T11:42:20","date_gmt":"2014-01-22T17:42:20","guid":{"rendered":"https:\/\/radiowebmx.com\/nota\/?p=5192"},"modified":"2014-01-22T11:42:20","modified_gmt":"2014-01-22T17:42:20","slug":"accion-nacional-estara-vigilante-de-la-revision-y-analisis-correcto-de-la-cuenta-publica-2012-jorge-moreno-martinez","status":"publish","type":"post","link":"https:\/\/radiowebmx.com\/nota\/accion-nacional-estara-vigilante-de-la-revision-y-analisis-correcto-de-la-cuenta-publica-2012-jorge-moreno-martinez\/","title":{"rendered":"Acci\u00f3n Nacional estar\u00e1 vigilante de la revisi\u00f3n y an\u00e1lisis correcto de la Cuenta P\u00fablica 2012: Jorge Moreno Mart\u00ednez"},"content":{"rendered":"<p><a href=\"https:\/\/radiowebmx.com\/nota\/wp-content\/uploads\/2013\/02\/Dip.-Jorge-Moreno-Mtz.-1.jpg\"><img loading=\"lazy\" decoding=\"async\" class=\"alignleft size-full wp-image-1369\" alt=\"Dip. Jorge Moreno Mtz. (1)\" src=\"https:\/\/radiowebmx.com\/nota\/wp-content\/uploads\/2013\/02\/Dip.-Jorge-Moreno-Mtz.-1.jpg\" width=\"591\" height=\"549\" \/><\/a>\u201cCon el objetivo de seguir contribuyendo con la transparencia y rendici\u00f3n de cuentas, as\u00ed como en el saneamiento de las finanzas p\u00fablicas de la entidad, seguiremos revisando responsablemente los trabajos de fiscalizaci\u00f3n a la Cuenta P\u00fablica de la Hacienda Estatal, correspondiente al ejercicio fiscal 2012, presentado por la Auditor\u00eda Superior de Michoac\u00e1n\u201d, as\u00ed lo se\u00f1al\u00f3 el diputado Jorge Moreno Mart\u00ednez.<\/p>\n<p>&nbsp;<\/p>\n<p>Este martes en reuni\u00f3n Legislativa de la Comisi\u00f3n Inspectora de la Auditor\u00eda Superior de Michoac\u00e1n, se reunieron los diputados integrantes con el titular del \u00f3rgano Fiscalizador, Jos\u00e9 Luis L\u00f3pez Salgado, para la entrega del informe complementario de la Cuenta P\u00fablica 2012, correspondiente a la Secretar\u00eda de Finanzas y Administraci\u00f3n, as\u00ed como el an\u00e1lisis del informe de resultados de dicho ejercicio.<\/p>\n<p>&nbsp;<\/p>\n<p>Ante ello, el diputado Moreno Mart\u00ednez reiter\u00f3 que Acci\u00f3n Nacional seguir\u00e1 estudiando el informe del ejercicio fiscal del 2012, conforme mandata la ley, \u201cvemos que el informe de la Auditor\u00eda trae las mismas deficiencias e irregularidades que se registraron con el de la Cuenta P\u00fablica del a\u00f1o anterior\u201d, se\u00f1al\u00f3.<\/p>\n<p>&nbsp;<\/p>\n<p>\u201cEstaremos atentos a la revisi\u00f3n y an\u00e1lisis, para que su dictaminaci\u00f3n se haga en tiempo y forma como la ley lo establece, ya que la fecha l\u00edmite ser\u00e1 el 31 de marzo, por lo que Acci\u00f3n Nacional buscar\u00e1 que las labores se agilicen y se puedan programar los trabajos en conjunto con la Comisi\u00f3n de Programaci\u00f3n, Presupuesto y Cuenta P\u00fablica del Congreso del Estado, quienes estaremos efectuando un trabajo objetivo y responsable, anteponiendo en cada momento una verdadera rendici\u00f3n de cuentas y la transparencia que debemos presentar a los ciudadanos de nuestro Estado\u201d, indic\u00f3 el legislador del blanquiazul.<\/p>\n<p>&nbsp;<\/p>\n<p>Finalmente, el tambi\u00e9n integrante de la Comisi\u00f3n Legislativa de Desarrollo Social, reiter\u00f3 que estar\u00e1n vigilantes del transcurso legal de la Cuenta P\u00fablica, \u201cpondremos el mismo empe\u00f1o y observancia que se aplic\u00f3 durante la Cuenta P\u00fablica del 2011, tanto en la cuenta estatal as\u00ed como en las municipales, donde no aprobaremos un informe que no concuerde con la realidad que se presenta en la entidad\u201d, concluy\u00f3.<\/p>\n","protected":false},"excerpt":{"rendered":"<p>\u201cCon el objetivo de seguir contribuyendo con la transparencia y rendici\u00f3n de cuentas, as\u00ed como en el saneamiento de las finanzas p\u00fablicas de la entidad, seguiremos revisando responsablemente los trabajos de fiscalizaci\u00f3n a la Cuenta P\u00fablica de la Hacienda Estatal<\/p>\n","protected":false},"author":1,"featured_media":0,"comment_status":"open","ping_status":"open","sticky":false,"template":"","format":"standard","meta":{"footnotes":""},"categories":[14,3],"tags":[],"class_list":["post-5192","post","type-post","status-publish","format-standard","hentry","category-destacadas","category-gobierno-del-estado-de-michoacan"],"_links":{"self":[{"href":"https:\/\/radiowebmx.com\/nota\/wp-json\/wp\/v2\/posts\/5192","targetHints":{"allow":["GET"]}}],"collection":[{"href":"https:\/\/radiowebmx.com\/nota\/wp-json\/wp\/v2\/posts"}],"about":[{"href":"https:\/\/radiowebmx.com\/nota\/wp-json\/wp\/v2\/types\/post"}],"author":[{"embeddable":true,"href":"https:\/\/radiowebmx.com\/nota\/wp-json\/wp\/v2\/users\/1"}],"replies":[{"embeddable":true,"href":"https:\/\/radiowebmx.com\/nota\/wp-json\/wp\/v2\/comments?post=5192"}],"version-history":[{"count":1,"href":"https:\/\/radiowebmx.com\/nota\/wp-json\/wp\/v2\/posts\/5192\/revisions"}],"predecessor-version":[{"id":5193,"href":"https:\/\/radiowebmx.com\/nota\/wp-json\/wp\/v2\/posts\/5192\/revisions\/5193"}],"wp:attachment":[{"href":"https:\/\/radiowebmx.com\/nota\/wp-json\/wp\/v2\/media?parent=5192"}],"wp:term":[{"taxonomy":"category","embeddable":true,"href":"https:\/\/radiowebmx.com\/nota\/wp-json\/wp\/v2\/categories?post=5192"},{"taxonomy":"post_tag","embeddable":true,"href":"https:\/\/radiowebmx.com\/nota\/wp-json\/wp\/v2\/tags?post=5192"}],"curies":[{"name":"wp","href":"https:\/\/api.w.org\/{rel}","templated":true}]}}