{"id":51884,"date":"2018-04-02T13:22:21","date_gmt":"2018-04-02T18:22:21","guid":{"rendered":"https:\/\/radiowebmx.com\/nota\/?p=51884"},"modified":"2018-04-02T14:25:46","modified_gmt":"2018-04-02T19:25:46","slug":"51884-2","status":"publish","type":"post","link":"https:\/\/radiowebmx.com\/nota\/51884-2\/","title":{"rendered":""},"content":{"rendered":"<ul type=\"disc\">\n<li class=\"x_MsoNormal\"><strong>La diputada del Distrito XVII, record\u00f3 que ha presentado diversas iniciativas para la inclusi\u00f3n de este sector, entre las que destac\u00f3 la implementaci\u00f3n del Distintivo I y de Maestros Sombra<\/strong><\/li>\n<\/ul>\n<p class=\"x_MsoNormal\"><i>\u00a0<\/i><\/p>\n<p class=\"x_MsoNormal\"><b>Morelia;\u00a0\u00a0Michoac\u00e1n, 02 de abril de 2018.-<\/b>\u00a0\u00a0\u00a0Para que las personas con discapacidad ejerzan a cabalidad sus derechos\u00a0\u00a0fundamentales, es urgente generar pol\u00edticas p\u00fablicas para que su integraci\u00f3n sea absoluta y se les permita desarrollar al m\u00e1ximo su potencial, asegur\u00f3 la integrante de la Comisi\u00f3n de Derechos Humanos, Andrea Villanueva Cano.<\/p>\n<p class=\"x_MsoNormal\">Lo anterior, en el marco del D\u00eda Mundial de Concienciaci\u00f3n\u00a0\u00a0sobre el Autismo, en donde la representante del Distrito XVII de Morelia record\u00f3 que durante su gesti\u00f3n, ha presentado diversas iniciativas para la inclusi\u00f3n de este sector, como la implementaci\u00f3n del Distintivo I, un incentivo para el sector empresarial que contrate personal con alguna discapacidad.<\/p>\n<p class=\"x_MsoNormal\">Adem\u00e1s, se contempla la entrega de est\u00edmulos fiscales y apoyos gubernamentales para aquellas empresas que gestionen espacios de libre acceso para las personas con discapacidad,\u00a0\u00a0aunado a la creaci\u00f3n de incentivos para quienes instauren en sus centros de trabajo, pol\u00edticas organizaciones libres de discriminaci\u00f3n y violencia.<\/p>\n<p class=\"x_MsoNormal\">Villanueva Cano reconoci\u00f3 que aunque existe mayor sensibilidad en las personas sobre la\u00a0\u00a0discapacidad, es real que a\u00fan enfrentan limitantes impuestas por el entorno, lo que les dificulta ejercer plenamente sus derechos y participar en el \u00e1mbito econ\u00f3mico, pol\u00edtico y social, perdiendo tanto ellos como la misma sociedad, la val\u00eda de su talento y potencial.<\/p>\n<p class=\"x_MsoNormal\">De lo anterior, Andrea Villanueva hizo votos para que esta 73 Legislatura\u00a0\u00a0apruebe la iniciativa del Distintivo I, as\u00ed como la instauraci\u00f3n de Maestros Sombra en todos los centros escolares del estado, lo que permita la integraci\u00f3n efectiva de cualquier persona con discapacidad en nuestro estado.<\/p>\n<p class=\"x_MsoNormal\">\n","protected":false},"excerpt":{"rendered":"<p>La diputada del Distrito XVII, record\u00f3 que ha presentado diversas iniciativas para la inclusi\u00f3n de este sector, entre las que destac\u00f3 la implementaci\u00f3n del Distintivo I y de Maestros Sombra \u00a0 Morelia;\u00a0\u00a0Michoac\u00e1n, 02 de abril de 2018.-\u00a0\u00a0\u00a0Para que las personas con discapacidad ejerzan a cabalidad sus derechos\u00a0\u00a0fundamentales, es urgente generar pol\u00edticas p\u00fablicas para que su [&hellip;]<\/p>\n","protected":false},"author":2,"featured_media":51885,"comment_status":"closed","ping_status":"closed","sticky":false,"template":"","format":"standard","meta":{"footnotes":""},"categories":[6,14],"tags":[],"class_list":["post-51884","post","type-post","status-publish","format-standard","has-post-thumbnail","hentry","category-congreso-del-estado","category-destacadas"],"_links":{"self":[{"href":"https:\/\/radiowebmx.com\/nota\/wp-json\/wp\/v2\/posts\/51884","targetHints":{"allow":["GET"]}}],"collection":[{"href":"https:\/\/radiowebmx.com\/nota\/wp-json\/wp\/v2\/posts"}],"about":[{"href":"https:\/\/radiowebmx.com\/nota\/wp-json\/wp\/v2\/types\/post"}],"author":[{"embeddable":true,"href":"https:\/\/radiowebmx.com\/nota\/wp-json\/wp\/v2\/users\/2"}],"replies":[{"embeddable":true,"href":"https:\/\/radiowebmx.com\/nota\/wp-json\/wp\/v2\/comments?post=51884"}],"version-history":[{"count":1,"href":"https:\/\/radiowebmx.com\/nota\/wp-json\/wp\/v2\/posts\/51884\/revisions"}],"predecessor-version":[{"id":51886,"href":"https:\/\/radiowebmx.com\/nota\/wp-json\/wp\/v2\/posts\/51884\/revisions\/51886"}],"wp:featuredmedia":[{"embeddable":true,"href":"https:\/\/radiowebmx.com\/nota\/wp-json\/wp\/v2\/media\/51885"}],"wp:attachment":[{"href":"https:\/\/radiowebmx.com\/nota\/wp-json\/wp\/v2\/media?parent=51884"}],"wp:term":[{"taxonomy":"category","embeddable":true,"href":"https:\/\/radiowebmx.com\/nota\/wp-json\/wp\/v2\/categories?post=51884"},{"taxonomy":"post_tag","embeddable":true,"href":"https:\/\/radiowebmx.com\/nota\/wp-json\/wp\/v2\/tags?post=51884"}],"curies":[{"name":"wp","href":"https:\/\/api.w.org\/{rel}","templated":true}]}}