{"id":51878,"date":"2018-03-30T18:25:27","date_gmt":"2018-03-31T00:25:27","guid":{"rendered":"https:\/\/radiowebmx.com\/nota\/?p=51878"},"modified":"2018-04-02T12:28:43","modified_gmt":"2018-04-02T17:28:43","slug":"se-realizo-exitosamente-el-viacrucis-en-tarimbaro","status":"publish","type":"post","link":"https:\/\/radiowebmx.com\/nota\/se-realizo-exitosamente-el-viacrucis-en-tarimbaro\/","title":{"rendered":"Se realiz\u00f3 exitosamente el viacrucis en Tar\u00edmbaro"},"content":{"rendered":"<p>Este 30 de Marzo, Viernes Santo se realiz\u00f3 en el municipio de Tar\u00edmbaro la representaci\u00f3n de las 3 ca\u00eddas de Cristo en el recorrido del viacrusis, evento al cual asistieron m\u00e1s de 5 mil personas de diferentes partes del mundo.<\/p>\n<p>Como parte de las celebraciones eucar\u00edsticas y culturales de la Semana Santa, este municipio lleva a cabo la representaci\u00f3n de la condena y crucifixi\u00f3n de Jes\u00fas de Nazareth, en presencia de casi el 90% de los pobladores y una afluencia de turismo de car\u00e1cter nacional e internacional.<\/p>\n<p>Es importante mencionar que los actores que realizaron la representaci\u00f3n, se encontraban en preparativos desde meses antes y desde hace unos d\u00edas, se montaron los escenarios para la caracterizaci\u00f3n de las estaciones del viacrusis, mismas que fueron ejecutadas de manera exitosa.<\/p>\n<p>Finalmente, tras m\u00e1s de 2 horas y media, se concluy\u00f3 el recorrido a aproximadamente 3 kil\u00f3metros de donde inici\u00f3 y con la misma cantidad de espectadores presentes y algunos que incluso llevaban m\u00e1s de una hora esperando en el lugar de las cruces.<\/p>\n","protected":false},"excerpt":{"rendered":"<p>Este 30 de Marzo, Viernes Santo se realiz\u00f3 en el municipio de Tar\u00edmbaro la representaci\u00f3n de las 3 ca\u00eddas de Cristo en el recorrido del viacrusis, evento al cual asistieron m\u00e1s de 5 mil personas de diferentes partes del mundo. Como parte de las celebraciones eucar\u00edsticas y culturales de la Semana Santa, este municipio lleva [&hellip;]<\/p>\n","protected":false},"author":2,"featured_media":51879,"comment_status":"closed","ping_status":"closed","sticky":false,"template":"","format":"standard","meta":{"footnotes":""},"categories":[14,22],"tags":[],"class_list":["post-51878","post","type-post","status-publish","format-standard","has-post-thumbnail","hentry","category-destacadas","category-tarimbaro"],"_links":{"self":[{"href":"https:\/\/radiowebmx.com\/nota\/wp-json\/wp\/v2\/posts\/51878","targetHints":{"allow":["GET"]}}],"collection":[{"href":"https:\/\/radiowebmx.com\/nota\/wp-json\/wp\/v2\/posts"}],"about":[{"href":"https:\/\/radiowebmx.com\/nota\/wp-json\/wp\/v2\/types\/post"}],"author":[{"embeddable":true,"href":"https:\/\/radiowebmx.com\/nota\/wp-json\/wp\/v2\/users\/2"}],"replies":[{"embeddable":true,"href":"https:\/\/radiowebmx.com\/nota\/wp-json\/wp\/v2\/comments?post=51878"}],"version-history":[{"count":1,"href":"https:\/\/radiowebmx.com\/nota\/wp-json\/wp\/v2\/posts\/51878\/revisions"}],"predecessor-version":[{"id":51880,"href":"https:\/\/radiowebmx.com\/nota\/wp-json\/wp\/v2\/posts\/51878\/revisions\/51880"}],"wp:featuredmedia":[{"embeddable":true,"href":"https:\/\/radiowebmx.com\/nota\/wp-json\/wp\/v2\/media\/51879"}],"wp:attachment":[{"href":"https:\/\/radiowebmx.com\/nota\/wp-json\/wp\/v2\/media?parent=51878"}],"wp:term":[{"taxonomy":"category","embeddable":true,"href":"https:\/\/radiowebmx.com\/nota\/wp-json\/wp\/v2\/categories?post=51878"},{"taxonomy":"post_tag","embeddable":true,"href":"https:\/\/radiowebmx.com\/nota\/wp-json\/wp\/v2\/tags?post=51878"}],"curies":[{"name":"wp","href":"https:\/\/api.w.org\/{rel}","templated":true}]}}