{"id":5181,"date":"2014-01-22T11:32:00","date_gmt":"2014-01-22T17:32:00","guid":{"rendered":"https:\/\/radiowebmx.com\/nota\/?p=5181"},"modified":"2014-01-22T11:32:00","modified_gmt":"2014-01-22T17:32:00","slug":"termino-capacitacion-en-nuevo-sistema-de-justicia-penal-y-derechos-humanos","status":"publish","type":"post","link":"https:\/\/radiowebmx.com\/nota\/termino-capacitacion-en-nuevo-sistema-de-justicia-penal-y-derechos-humanos\/","title":{"rendered":"TERMIN\u00d3 CAPACITACI\u00d3N EN NUEVO SISTEMA DE JUSTICIA PENAL Y DERECHOS HUMANOS"},"content":{"rendered":"<p><a href=\"https:\/\/radiowebmx.com\/nota\/wp-content\/uploads\/2014\/01\/nsjp-ddhh-01.jpg\"><img loading=\"lazy\" decoding=\"async\" class=\"alignleft size-full wp-image-5182\" alt=\"nsjp ddhh 01\" src=\"https:\/\/radiowebmx.com\/nota\/wp-content\/uploads\/2014\/01\/nsjp-ddhh-01.jpg\" width=\"591\" height=\"350\" \/><\/a>La Secretar\u00eda de Gobierno por conducto de la Unidad de Derechos Humanos y el Consejo del Nuevo Sistema de Justicia Penal, concluyeron con la aplicaci\u00f3n del curso \u201cLos Recursos en el Nuevo Sistema de Justicia Penal\u201d, impartido por el magistrado del Poder Judicial, V\u00edctor Barrag\u00e1n Ben\u00edtez, dentro de la serie de capacitaciones denominada \u201cNuevo Sistema de Justicia Penal y Derechos Humanos\u201d.<\/p>\n<p>A lo largo de tres d\u00edas, las instalaciones de la Casa de Gobierno fueron el sitio en que los enlaces jur\u00eddicos de las dependencias de la administraci\u00f3n p\u00fablica estatal, as\u00ed como defensores p\u00fablicos, recibieron la \u00faltima capacitaci\u00f3n con la que se concluye el curso iniciado en noviembre del a\u00f1o pasado.<\/p>\n<p>En el acto de clausura, el director de la Unidad de Derechos Humanos, Ricardo D\u00edaz Ferreyra y el representante del Consejo Implementador, Alejandro Rodr\u00edguez Santoyo, explicaron el objetivo de este \u00faltimo curso, que es la sensibilizaci\u00f3n a los operadores del nuevo sistema en el marco del Nuevo Proceso Penal Acusatorio y Juicios Orales, para desarrollar las capacidades de an\u00e1lisis y descripci\u00f3n, y con ello, aplicar los principios, t\u00e9cnicas y postulados con el prop\u00f3sito de ampliar las bases te\u00f3ricas y enriquecer las destrezas que requiere el ejercicio profesional.<\/p>\n<p>\u201cLa generaci\u00f3n de valiosas herramientas con este curso, permitir\u00e1 el desarrollo de todos los operadores con plena conciencia que la capacitaci\u00f3n es uno de los ejes fundamentales de la reforma\u201d, reconoci\u00f3 Rodr\u00edguez Santoyo.<\/p>\n<p>En otro momento, Ricardo D\u00edaz se dirigi\u00f3 a los presentes para reconocerles, en primera, el inter\u00e9s prestado para recibir esta capacitaci\u00f3n, toda vez que con ella, se complementa en su totalidad la instrucci\u00f3n del curso b\u00e1sico iniciado en noviembre 2013.<\/p>\n<p>Consider\u00f3 vital la oportunidad de recibir este curso a tan solo dos semanas de la entrada en vigor del Nuevo Sistema de Justicia Penal en los distritos judiciales de Morelia, Zinap\u00e9cuaro y P\u00e1tzcuaro.<\/p>\n<p>\u201cSin duda, al recibir esta capacitaci\u00f3n, se enriquece el bagaje de conocimiento para tenerlo presente a partir de ya, con la entrada en vigor del nuevo sistema; reconozco su inter\u00e9s y los felicito\u201d, concluy\u00f3.<\/p>\n<p>Finalmente, a nombre del gobierno que encabeza Fausto Vallejo Figueroa y del secretario de Gobierno, Jes\u00fas Reyna Garc\u00eda, agradeci\u00f3 p\u00fablicamente las facilidades del Consejo del Nuevo Sistema de Justicia Penal en la persona de su secretar\u00eda t\u00e9cnica, Mar\u00eda de los \u00c1ngeles Llanderal Zaragoza, quien en todo momento brind\u00f3 su apoyo tanto acad\u00e9mico como log\u00edstico para la realizaci\u00f3n de este curso.<\/p>\n","protected":false},"excerpt":{"rendered":"<p>La Secretar\u00eda de Gobierno por conducto de la Unidad de Derechos Humanos y el Consejo del Nuevo Sistema de Justicia Penal, concluyeron con la aplicaci\u00f3n del curso \u201cLos Recursos en el Nuevo Sistema de Justicia Penal\u201d<\/p>\n","protected":false},"author":1,"featured_media":0,"comment_status":"open","ping_status":"open","sticky":false,"template":"","format":"standard","meta":{"footnotes":""},"categories":[14,3],"tags":[],"class_list":["post-5181","post","type-post","status-publish","format-standard","hentry","category-destacadas","category-gobierno-del-estado-de-michoacan"],"_links":{"self":[{"href":"https:\/\/radiowebmx.com\/nota\/wp-json\/wp\/v2\/posts\/5181","targetHints":{"allow":["GET"]}}],"collection":[{"href":"https:\/\/radiowebmx.com\/nota\/wp-json\/wp\/v2\/posts"}],"about":[{"href":"https:\/\/radiowebmx.com\/nota\/wp-json\/wp\/v2\/types\/post"}],"author":[{"embeddable":true,"href":"https:\/\/radiowebmx.com\/nota\/wp-json\/wp\/v2\/users\/1"}],"replies":[{"embeddable":true,"href":"https:\/\/radiowebmx.com\/nota\/wp-json\/wp\/v2\/comments?post=5181"}],"version-history":[{"count":1,"href":"https:\/\/radiowebmx.com\/nota\/wp-json\/wp\/v2\/posts\/5181\/revisions"}],"predecessor-version":[{"id":5183,"href":"https:\/\/radiowebmx.com\/nota\/wp-json\/wp\/v2\/posts\/5181\/revisions\/5183"}],"wp:attachment":[{"href":"https:\/\/radiowebmx.com\/nota\/wp-json\/wp\/v2\/media?parent=5181"}],"wp:term":[{"taxonomy":"category","embeddable":true,"href":"https:\/\/radiowebmx.com\/nota\/wp-json\/wp\/v2\/categories?post=5181"},{"taxonomy":"post_tag","embeddable":true,"href":"https:\/\/radiowebmx.com\/nota\/wp-json\/wp\/v2\/tags?post=5181"}],"curies":[{"name":"wp","href":"https:\/\/api.w.org\/{rel}","templated":true}]}}