{"id":51780,"date":"2018-03-29T15:29:05","date_gmt":"2018-03-29T21:29:05","guid":{"rendered":"https:\/\/radiowebmx.com\/nota\/?p=51780"},"modified":"2018-03-29T19:31:05","modified_gmt":"2018-03-30T01:31:05","slug":"icatmi-por-renovar-su-oferta-educativa-y-adaptarla-a-las-necesidades-de-la-ip","status":"publish","type":"post","link":"https:\/\/radiowebmx.com\/nota\/icatmi-por-renovar-su-oferta-educativa-y-adaptarla-a-las-necesidades-de-la-ip\/","title":{"rendered":"Icatmi, por renovar su oferta educativa y adaptarla a las necesidades de la IP"},"content":{"rendered":"<p><img loading=\"lazy\" decoding=\"async\" class=\"\" src=\"https:\/\/gallery.mailchimp.com\/c3679d81029880892ab85d106\/images\/67410d73-cb84-421d-8c3b-93394566bb54.jpg\" width=\"401\" height=\"267\" \/><\/p>\n<p>&nbsp;<\/p>\n<p><strong>Morelia, Michoac\u00e1n, a 29 de marzo de 2018.-\u00a0<\/strong>Con la finalidad de renovar su oferta educativa y adaptarla a las necesidades del mercado, el Instituto de Capacitaci\u00f3n para el Trabajo del Estado de Michoac\u00e1n (Icatmi) recibe propuestas de los sectores empresarial y acad\u00e9mico, as\u00ed como Ayuntamientos, con quien se est\u00e1n signando convenios para acercar la capacitaci\u00f3n a los municipios donde el instituto no cuenta con instalaciones propias.<\/p>\n<p>As\u00ed lo dio a conocer el director general del Icatmi, Iv\u00e1n Madero Naranjo, quien refiri\u00f3 que este tipo de ejercicios se realizan en las diversas regiones de la entidad, por lo que refrend\u00f3 la invitaci\u00f3n a los diferentes sectores para crear un frente com\u00fan que permita orientar las herramientas laborales que ofrece la instituci\u00f3n.<\/p>\n<p>Derivado de estos acercamientos interinstitucionales, el Servicio Nacional de Empleo (SNE) brinda informaci\u00f3n sobre los nichos ocupacionales y la actividad econ\u00f3mica empresarial en la entidad.<\/p>\n<p>Gracias a sinergias como la que existe entre el SNE y el Icatmi ya se han financiado negocios de estudiantes que cursan la especialidad de Estilismo y Bienestar, las cuales recibieron recursos para adquirir el equipamiento necesario para una cl\u00ednica de belleza en donde algunas de las trabajadoras cuentan con capacidades especiales.<\/p>\n<p>Otros caso es el de empresas textileras y de la industria del calzado establecidas en Sahuayo, cuyo personal es capacitado por el Icatmi en las propias empresas.<\/p>\n<p>Por \u00faltimo, Madero Naranjo indic\u00f3 que es fundamental que instituciones p\u00fablicas que participan en la colocaci\u00f3n, financiamiento e incubaci\u00f3n de micros, peque\u00f1as y medias empresas, mantengan estrecha comunicaci\u00f3n a fin de dar resultados en la generaci\u00f3n de empleos.<\/p>\n","protected":false},"excerpt":{"rendered":"<p>&nbsp; Morelia, Michoac\u00e1n, a 29 de marzo de 2018.-\u00a0Con la finalidad de renovar su oferta educativa y adaptarla a las necesidades del mercado, el Instituto de Capacitaci\u00f3n para el Trabajo del Estado de Michoac\u00e1n (Icatmi) recibe propuestas de los sectores empresarial y acad\u00e9mico, as\u00ed como Ayuntamientos, con quien se est\u00e1n signando convenios para acercar la [&hellip;]<\/p>\n","protected":false},"author":2,"featured_media":51781,"comment_status":"closed","ping_status":"closed","sticky":false,"template":"","format":"standard","meta":{"footnotes":""},"categories":[14,3,60],"tags":[],"class_list":["post-51780","post","type-post","status-publish","format-standard","has-post-thumbnail","hentry","category-destacadas","category-gobierno-del-estado-de-michoacan","category-michoacan"],"_links":{"self":[{"href":"https:\/\/radiowebmx.com\/nota\/wp-json\/wp\/v2\/posts\/51780","targetHints":{"allow":["GET"]}}],"collection":[{"href":"https:\/\/radiowebmx.com\/nota\/wp-json\/wp\/v2\/posts"}],"about":[{"href":"https:\/\/radiowebmx.com\/nota\/wp-json\/wp\/v2\/types\/post"}],"author":[{"embeddable":true,"href":"https:\/\/radiowebmx.com\/nota\/wp-json\/wp\/v2\/users\/2"}],"replies":[{"embeddable":true,"href":"https:\/\/radiowebmx.com\/nota\/wp-json\/wp\/v2\/comments?post=51780"}],"version-history":[{"count":1,"href":"https:\/\/radiowebmx.com\/nota\/wp-json\/wp\/v2\/posts\/51780\/revisions"}],"predecessor-version":[{"id":51782,"href":"https:\/\/radiowebmx.com\/nota\/wp-json\/wp\/v2\/posts\/51780\/revisions\/51782"}],"wp:featuredmedia":[{"embeddable":true,"href":"https:\/\/radiowebmx.com\/nota\/wp-json\/wp\/v2\/media\/51781"}],"wp:attachment":[{"href":"https:\/\/radiowebmx.com\/nota\/wp-json\/wp\/v2\/media?parent=51780"}],"wp:term":[{"taxonomy":"category","embeddable":true,"href":"https:\/\/radiowebmx.com\/nota\/wp-json\/wp\/v2\/categories?post=51780"},{"taxonomy":"post_tag","embeddable":true,"href":"https:\/\/radiowebmx.com\/nota\/wp-json\/wp\/v2\/tags?post=51780"}],"curies":[{"name":"wp","href":"https:\/\/api.w.org\/{rel}","templated":true}]}}