{"id":5178,"date":"2014-01-22T11:27:22","date_gmt":"2014-01-22T17:27:22","guid":{"rendered":"https:\/\/radiowebmx.com\/nota\/?p=5178"},"modified":"2014-01-22T11:27:22","modified_gmt":"2014-01-22T17:27:22","slug":"imjuve-y-sejoven-acuerdan-acciones-para-tierra-caliente","status":"publish","type":"post","link":"https:\/\/radiowebmx.com\/nota\/imjuve-y-sejoven-acuerdan-acciones-para-tierra-caliente\/","title":{"rendered":"IMJUVE Y SEJOVEN ACUERDAN ACCIONES PARA TIERRA CALIENTE"},"content":{"rendered":"<p><a href=\"https:\/\/radiowebmx.com\/nota\/wp-content\/uploads\/2014\/01\/SEJOVEN-1.jpg\"><img loading=\"lazy\" decoding=\"async\" class=\"alignleft size-full wp-image-5179\" alt=\"SEJOVEN (1)\" src=\"https:\/\/radiowebmx.com\/nota\/wp-content\/uploads\/2014\/01\/SEJOVEN-1.jpg\" width=\"591\" height=\"273\" \/><\/a>Este a\u00f1o, los municipios de Apatzing\u00e1n, Par\u00e1cuaro, Uruapan y M\u00fagica tendr\u00e1n, cada uno, un nuevo Espacio Poder Joven para impulsar el desarrollo de habilidades y competencias en la poblaci\u00f3n de la regi\u00f3n Tierra Caliente de Michoac\u00e1n; comprometi\u00f3 Jos\u00e9 Manuel Romero Coello, titular del Instituto\u00a0Mexicano de la Juventud (IMJUVE), durante la visita que el equipo de la Secretar\u00eda de los J\u00f3venes, encabezado por Francisco Xavier Lara Medina, realiz\u00f3 a la capital del pa\u00eds.<\/p>\n<p>&nbsp;<\/p>\n<p>Acompa\u00f1ado por Rodrigo Rodr\u00edguez Jaimes, Julio Ure\u00f1a Hern\u00e1ndez y Edna D\u00edaz Acevedo, responsables de las Direcciones de Juventud en Par\u00e1cuaro, Apatzing\u00e1n y Uruapan, respectivamente, Lara Medina y\u00a0los coordinadores de la Sejoven se reunieron con el Gabinete del IMJUVE, a fin de dar cumplimiento a la instrucci\u00f3n del gobernador Fausto Vallejo Figueroa, en el sentido de conjuntar esfuerzos y recursos con los diferentes \u00f3rdenes de gobierno, para favorecer a la poblaci\u00f3n juvenil, tanto de la zona en menci\u00f3n como de la entidad en general, con acciones concretas.<\/p>\n<p>&nbsp;<\/p>\n<p>Por esta raz\u00f3n, y tambi\u00e9n bajo el eje rector del Gobierno Estatal\u00a0\u201cDesarrollo para todos y la equidad en las regiones\u201d,\u00a0es la intenci\u00f3n de ampliar la colaboraci\u00f3n con el Gobierno de la Rep\u00fablica.<\/p>\n<p>&nbsp;<\/p>\n<p>El secretario de los J\u00f3venes de Michoac\u00e1n, Francisco Xavier Lara, agradeci\u00f3 a toda la estructura del IMJUVE, la disposici\u00f3n que siempre ha mostrado para escuchar los proyectos y programas de la Sejoven, m\u00e1s en este momento en que la situaci\u00f3n de la juventud en la regi\u00f3n de Tierra Caliente necesita de alternativas para desarrollarse plenamente y con ello evitar que caigan en las filas de las delincuencia.<\/p>\n<p>&nbsp;<\/p>\n<p>Por su parte, Jos\u00e9 Manuel Romero se comprometi\u00f3 a estar en Apatzing\u00e1n durante la segunda semana de febrero, con la intenci\u00f3n de escuchar de viva voz las necesidades de los j\u00f3venes de Tierra Caliente, y aplicar directamente diversos programas, algunos incluso, en calidad de programas pilotos.<\/p>\n<p>&nbsp;<\/p>\n<p>&#8220;Los j\u00f3venes ser\u00e1n los brazos que recompongan el tejido social de Michoac\u00e1n y de todo M\u00e9xico&#8221;, se\u00f1al\u00f3 Romero Coello, al felicitar a\u00a0los asistentes por el inter\u00e9s y prontitud mostrada para aterrizar apoyos para sus regiones; &#8220;sin duda, juntos llegaremos m\u00e1s lejos&#8221;, enfatiz\u00f3.<\/p>\n<p>&nbsp;<\/p>\n<p>Como parte de las acciones, el IMJUVE planea iniciar en Michoac\u00e1n un proyecto de caravanas, mediante las cuales se impulsen los conceptos de sociedad del conocimiento y la cultura de la paz, donde los j\u00f3venes tendr\u00e1n\u00a0un acercamiento con la tecnolog\u00eda y a su vez con talleres, charlas y cursos que les permitan generar mejores expectativas de vida.<\/p>\n<p>&nbsp;<\/p>\n<p>Otra de las tareas que se plantea aplicar en Michoac\u00e1n, es la renovaci\u00f3n en el proyecto de los Espacios Poder Joven, mediante la cual se implementen los esquemas de los espacios Nueva Vida y \u00e1reas de atenci\u00f3n psicol\u00f3gica, que se suman a las \u00e1reas ya existentes como ciber-aulas, bibliotecas y talleres de artes diversas.<\/p>\n<p>&nbsp;<\/p>\n<p>De igual manera, se planea fortalecer el financiamiento a proyectos productivos, tanto a nivel empresarial, como a nivel social. En ambos casos el despegue de Michoac\u00e1n en los \u00faltimos dos a\u00f1os ha sido importante, pues se accedieron a recursos de emprendedores juveniles para microempresas, y de Impulso M\u00e9xico, donde 25 asociaciones civiles recibieron recursos.<\/p>\n<p>&nbsp;<\/p>\n<p>Finalmente, la Secretar\u00eda de los J\u00f3venes de Michoac\u00e1n recibi\u00f3 un reconocimiento en materia de educaci\u00f3n, por el esquema de las Jornadas de Orientaci\u00f3n Vocacional, mismo que ser\u00e1 apoyado con mayores recursos durante el presente a\u00f1o y a su vez, podr\u00eda ser replicado a otras entidades del pa\u00eds.<\/p>\n","protected":false},"excerpt":{"rendered":"<p>Este a\u00f1o, los municipios de Apatzing\u00e1n, Par\u00e1cuaro, Uruapan y M\u00fagica tendr\u00e1n, cada uno, un nuevo Espacio Poder Joven para impulsar el desarrollo de habilidades y competencias en la poblaci\u00f3n de la regi\u00f3n Tierra Caliente de Michoac\u00e1n; <\/p>\n","protected":false},"author":1,"featured_media":0,"comment_status":"open","ping_status":"open","sticky":false,"template":"","format":"standard","meta":{"footnotes":""},"categories":[14,3],"tags":[],"class_list":["post-5178","post","type-post","status-publish","format-standard","hentry","category-destacadas","category-gobierno-del-estado-de-michoacan"],"_links":{"self":[{"href":"https:\/\/radiowebmx.com\/nota\/wp-json\/wp\/v2\/posts\/5178","targetHints":{"allow":["GET"]}}],"collection":[{"href":"https:\/\/radiowebmx.com\/nota\/wp-json\/wp\/v2\/posts"}],"about":[{"href":"https:\/\/radiowebmx.com\/nota\/wp-json\/wp\/v2\/types\/post"}],"author":[{"embeddable":true,"href":"https:\/\/radiowebmx.com\/nota\/wp-json\/wp\/v2\/users\/1"}],"replies":[{"embeddable":true,"href":"https:\/\/radiowebmx.com\/nota\/wp-json\/wp\/v2\/comments?post=5178"}],"version-history":[{"count":1,"href":"https:\/\/radiowebmx.com\/nota\/wp-json\/wp\/v2\/posts\/5178\/revisions"}],"predecessor-version":[{"id":5180,"href":"https:\/\/radiowebmx.com\/nota\/wp-json\/wp\/v2\/posts\/5178\/revisions\/5180"}],"wp:attachment":[{"href":"https:\/\/radiowebmx.com\/nota\/wp-json\/wp\/v2\/media?parent=5178"}],"wp:term":[{"taxonomy":"category","embeddable":true,"href":"https:\/\/radiowebmx.com\/nota\/wp-json\/wp\/v2\/categories?post=5178"},{"taxonomy":"post_tag","embeddable":true,"href":"https:\/\/radiowebmx.com\/nota\/wp-json\/wp\/v2\/tags?post=5178"}],"curies":[{"name":"wp","href":"https:\/\/api.w.org\/{rel}","templated":true}]}}