{"id":51777,"date":"2018-03-29T16:11:59","date_gmt":"2018-03-29T22:11:59","guid":{"rendered":"https:\/\/radiowebmx.com\/nota\/?p=51777"},"modified":"2018-03-29T19:28:56","modified_gmt":"2018-03-30T01:28:56","slug":"avanza-construccion-de-vialidad-en-la-aldea-cuitzillo-ivem","status":"publish","type":"post","link":"https:\/\/radiowebmx.com\/nota\/avanza-construccion-de-vialidad-en-la-aldea-cuitzillo-ivem\/","title":{"rendered":"Avanza construcci\u00f3n de vialidad en La Aldea-Cuitzillo: IVEM"},"content":{"rendered":"<p><img loading=\"lazy\" decoding=\"async\" class=\"\" src=\"https:\/\/gallery.mailchimp.com\/c3679d81029880892ab85d106\/images\/f6722425-697e-4e31-b44b-88fc3bd150fe.jpeg\" width=\"400\" height=\"300\" \/><\/p>\n<p>&nbsp;<\/p>\n<p><strong>Morelia, Michoac\u00e1n, 29 de marzo de 2018.-<\/strong>\u00a0A inicios de este a\u00f1o, el Instituto de Vivienda del Estado de Michoac\u00e1n (IVEM) comenz\u00f3 la construcci\u00f3n de la vialidad \u00a0N\u00famero Tres, segunda etapa, del tramo La Aldea \u2013 Cuitzillo.<\/p>\n<p>Esta vialidad se realiza en dos tramos; el primero comprender\u00e1 320 metros lineales, as\u00ed como la construcci\u00f3n de una alcantarilla hidr\u00e1ulica que permitir\u00e1 conectarla con la Avenida Hidalgo; en el\u00a0 segundo tramo se colocar\u00e1n 100 metros lineales de concreto hidr\u00e1ulico, ambos contar\u00e1n con nueve metros de ancho.<\/p>\n<p>La titular del IVEM, Mar\u00eda Yesmin S\u00e1nchez Huerta, precis\u00f3 que la obra se realiza con una inversi\u00f3n de 7.5 millones de pesos, con recurso estatal, dado que el IVEM ya es un Organismo Ejecutor de Obra.<\/p>\n<p>Puntualiz\u00f3 que esta vialidad beneficiar\u00e1 a los habitantes de esta zona para facilitar el acceso a sus viviendas y propiciar un eje\u00a0 de conexi\u00f3n entre La Aldea y Cuitzillo.<\/p>\n<p>La construcci\u00f3n de la vialidad registra un avance del 50 por ciento y beneficiar\u00e1 a m\u00e1s de 6 mil habitantes de esta zona.<\/p>\n<p>Con acciones como \u00e9sta, el Gobierno de Michoac\u00e1n, que encabeza Silvano Aureoles Conejo, demuestra su compromiso de atender las necesidades de las y los michoacanos.<br \/>\n<img loading=\"lazy\" decoding=\"async\" class=\"\" src=\"https:\/\/gallery.mailchimp.com\/c3679d81029880892ab85d106\/images\/133c6291-e3f0-4677-8353-ad3f7119b48b.jpeg\" width=\"399\" height=\"299\" \/><\/p>\n","protected":false},"excerpt":{"rendered":"<p>&nbsp; Morelia, Michoac\u00e1n, 29 de marzo de 2018.-\u00a0A inicios de este a\u00f1o, el Instituto de Vivienda del Estado de Michoac\u00e1n (IVEM) comenz\u00f3 la construcci\u00f3n de la vialidad \u00a0N\u00famero Tres, segunda etapa, del tramo La Aldea \u2013 Cuitzillo. Esta vialidad se realiza en dos tramos; el primero comprender\u00e1 320 metros lineales, as\u00ed como la construcci\u00f3n de [&hellip;]<\/p>\n","protected":false},"author":2,"featured_media":51778,"comment_status":"closed","ping_status":"closed","sticky":false,"template":"","format":"standard","meta":{"footnotes":""},"categories":[14,3,60],"tags":[],"class_list":["post-51777","post","type-post","status-publish","format-standard","has-post-thumbnail","hentry","category-destacadas","category-gobierno-del-estado-de-michoacan","category-michoacan"],"_links":{"self":[{"href":"https:\/\/radiowebmx.com\/nota\/wp-json\/wp\/v2\/posts\/51777","targetHints":{"allow":["GET"]}}],"collection":[{"href":"https:\/\/radiowebmx.com\/nota\/wp-json\/wp\/v2\/posts"}],"about":[{"href":"https:\/\/radiowebmx.com\/nota\/wp-json\/wp\/v2\/types\/post"}],"author":[{"embeddable":true,"href":"https:\/\/radiowebmx.com\/nota\/wp-json\/wp\/v2\/users\/2"}],"replies":[{"embeddable":true,"href":"https:\/\/radiowebmx.com\/nota\/wp-json\/wp\/v2\/comments?post=51777"}],"version-history":[{"count":1,"href":"https:\/\/radiowebmx.com\/nota\/wp-json\/wp\/v2\/posts\/51777\/revisions"}],"predecessor-version":[{"id":51779,"href":"https:\/\/radiowebmx.com\/nota\/wp-json\/wp\/v2\/posts\/51777\/revisions\/51779"}],"wp:featuredmedia":[{"embeddable":true,"href":"https:\/\/radiowebmx.com\/nota\/wp-json\/wp\/v2\/media\/51778"}],"wp:attachment":[{"href":"https:\/\/radiowebmx.com\/nota\/wp-json\/wp\/v2\/media?parent=51777"}],"wp:term":[{"taxonomy":"category","embeddable":true,"href":"https:\/\/radiowebmx.com\/nota\/wp-json\/wp\/v2\/categories?post=51777"},{"taxonomy":"post_tag","embeddable":true,"href":"https:\/\/radiowebmx.com\/nota\/wp-json\/wp\/v2\/tags?post=51777"}],"curies":[{"name":"wp","href":"https:\/\/api.w.org\/{rel}","templated":true}]}}