{"id":51771,"date":"2018-03-29T19:12:14","date_gmt":"2018-03-30T01:12:14","guid":{"rendered":"https:\/\/radiowebmx.com\/nota\/?p=51771"},"modified":"2018-03-29T19:24:45","modified_gmt":"2018-03-30T01:24:45","slug":"fortalece-imced-su-oferta-educativa","status":"publish","type":"post","link":"https:\/\/radiowebmx.com\/nota\/fortalece-imced-su-oferta-educativa\/","title":{"rendered":"Fortalece IMCED su oferta educativa"},"content":{"rendered":"<p><strong>Morelia, Michoac\u00e1n, 29\u00a0de marzo de 2018.-<\/strong>\u00a0El Instituto Michoacano de Ciencias de la Educaci\u00f3n (IMCED) mantiene abierta su oferta educativa de posgrado, donde se ofertan nueve maestr\u00edas, todas ellas con registro, en diversas modalidades del \u00e1rea de la educaci\u00f3n.<\/p>\n<p>El director general del IMCED Agust\u00edn Villalvazo Ruiz, destac\u00f3 adem\u00e1s de los programas acad\u00e9micos formales, se impulsa el campo de la educaci\u00f3n continua, por lo que los talleres, diplomados y posgrados que se ofrecen son permanentes y se han programado a lo largo de todo el a\u00f1o.<\/p>\n<p>Para maestr\u00eda, la oferta incluye Pedagog\u00eda, Educaci\u00f3n en Ciencias Naturales, Docencia para la Cultura F\u00edsica, Psicolog\u00eda Educativa con perspectiva Psicogen\u00e9tica, Psicolog\u00eda Educativa con perspectiva Psicoanal\u00edtica, Dificultades en el Aprendizaje, Docencia en Ciencias Sociales, Sociolog\u00eda de la Educaci\u00f3n y Ciencias de la Educaci\u00f3n con terminal en administraci\u00f3n educativa.<\/p>\n<p>Quien desee ingresar necesita estar titulado en licenciatura af\u00edn al programa respectivo; participar en el curso proped\u00e9utico y selectivo, en los tiempos que fije cada departamento del IMCED; acreditar el dominio a nivel de comprensi\u00f3n de un idioma extranjero (ingl\u00e9s o franc\u00e9s) o cursar el diplomado respectivo en el IMCED, durante el pr\u00f3ximo a\u00f1o.<\/p>\n<p>De la misma manera, se les solicita una carta de exposici\u00f3n de motivos para ingreso a la maestr\u00eda, presentar un ensayo sobre el tema de investigaci\u00f3n a desarrollar durante el programa, curriculum vitae, certificado m\u00e9dico expedido por una instituci\u00f3n oficial y 6 fotograf\u00edas tama\u00f1o infantil a color.<\/p>\n<p>El modelo flexible de los programas acad\u00e9micos del IMCED, se\u00f1al\u00f3 Villalvazo Ruiz, permite contar con una cobertura estatal y presencia institucional en 52 municipios del Estado y en municipios de alta marginaci\u00f3n, como Tzitzio, Tiquicheo de Nicol\u00e1s Romero, Car\u00e1cuaro, La Huacana, Huetamo y Tuzantla, incluyendo los planteles con que ya se cuenta en Zit\u00e1cuaro y L\u00e1zaro C\u00e1rdenas.<\/p>\n<p>La convocatoria de ingreso a maestr\u00eda ser\u00e1 emitida a partir del 16 de abril del presente a\u00f1o, en la p\u00e1gina web oficial de la instituci\u00f3n www.imced.edu.mx<\/p>\n","protected":false},"excerpt":{"rendered":"<p>Morelia, Michoac\u00e1n, 29\u00a0de marzo de 2018.-\u00a0El Instituto Michoacano de Ciencias de la Educaci\u00f3n (IMCED) mantiene abierta su oferta educativa de posgrado, donde se ofertan nueve maestr\u00edas, todas ellas con registro, en diversas modalidades del \u00e1rea de la educaci\u00f3n. El director general del IMCED Agust\u00edn Villalvazo Ruiz, destac\u00f3 adem\u00e1s de los programas acad\u00e9micos formales, se impulsa [&hellip;]<\/p>\n","protected":false},"author":2,"featured_media":51772,"comment_status":"closed","ping_status":"closed","sticky":false,"template":"","format":"standard","meta":{"footnotes":""},"categories":[14,3,60],"tags":[],"class_list":["post-51771","post","type-post","status-publish","format-standard","has-post-thumbnail","hentry","category-destacadas","category-gobierno-del-estado-de-michoacan","category-michoacan"],"_links":{"self":[{"href":"https:\/\/radiowebmx.com\/nota\/wp-json\/wp\/v2\/posts\/51771","targetHints":{"allow":["GET"]}}],"collection":[{"href":"https:\/\/radiowebmx.com\/nota\/wp-json\/wp\/v2\/posts"}],"about":[{"href":"https:\/\/radiowebmx.com\/nota\/wp-json\/wp\/v2\/types\/post"}],"author":[{"embeddable":true,"href":"https:\/\/radiowebmx.com\/nota\/wp-json\/wp\/v2\/users\/2"}],"replies":[{"embeddable":true,"href":"https:\/\/radiowebmx.com\/nota\/wp-json\/wp\/v2\/comments?post=51771"}],"version-history":[{"count":1,"href":"https:\/\/radiowebmx.com\/nota\/wp-json\/wp\/v2\/posts\/51771\/revisions"}],"predecessor-version":[{"id":51773,"href":"https:\/\/radiowebmx.com\/nota\/wp-json\/wp\/v2\/posts\/51771\/revisions\/51773"}],"wp:featuredmedia":[{"embeddable":true,"href":"https:\/\/radiowebmx.com\/nota\/wp-json\/wp\/v2\/media\/51772"}],"wp:attachment":[{"href":"https:\/\/radiowebmx.com\/nota\/wp-json\/wp\/v2\/media?parent=51771"}],"wp:term":[{"taxonomy":"category","embeddable":true,"href":"https:\/\/radiowebmx.com\/nota\/wp-json\/wp\/v2\/categories?post=51771"},{"taxonomy":"post_tag","embeddable":true,"href":"https:\/\/radiowebmx.com\/nota\/wp-json\/wp\/v2\/tags?post=51771"}],"curies":[{"name":"wp","href":"https:\/\/api.w.org\/{rel}","templated":true}]}}