{"id":5175,"date":"2014-01-22T11:25:12","date_gmt":"2014-01-22T17:25:12","guid":{"rendered":"https:\/\/radiowebmx.com\/nota\/?p=5175"},"modified":"2014-01-22T11:25:12","modified_gmt":"2014-01-22T17:25:12","slug":"presentan-herramientas-curriculares-para-fortalecer-aplicacion-del-plan-de-estudios","status":"publish","type":"post","link":"https:\/\/radiowebmx.com\/nota\/presentan-herramientas-curriculares-para-fortalecer-aplicacion-del-plan-de-estudios\/","title":{"rendered":"PRESENTAN HERRAMIENTAS CURRICULARES PARA FORTALECER APLICACI\u00d3N DEL PLAN DE ESTUDIOS"},"content":{"rendered":"<p><strong><a href=\"https:\/\/radiowebmx.com\/nota\/wp-content\/uploads\/2014\/01\/4Q4A7495.jpg\"><img loading=\"lazy\" decoding=\"async\" class=\"alignleft size-full wp-image-5176\" alt=\"4Q4A7495\" src=\"https:\/\/radiowebmx.com\/nota\/wp-content\/uploads\/2014\/01\/4Q4A7495.jpg\" width=\"591\" height=\"281\" \/><\/a>Cada vez que un alumno pasa de un grado a otro, representa a un eslab\u00f3n que se cierra en el progreso que el pa\u00eds requiere, enfatiz\u00f3 el secretario de Educaci\u00f3n en Michoac\u00e1n, J. Jes\u00fas Sierra Arias, durante su mensaje inaugural en la reuni\u00f3n para entrega de las \u201cHerramientas Curriculares para la Educaci\u00f3n Primaria\u201d.<\/strong><\/p>\n<p><strong>\u00a0<\/strong><\/p>\n<p><strong>En el evento organizado por la Subsecretar\u00eda de Educaci\u00f3n B\u00e1sica, a trav\u00e9s del Equipo T\u00e9cnico Estatal de Educaci\u00f3n Primaria, el titular de la pol\u00edtica educativa del estado reconoci\u00f3 el trabajo que realizan los Asesores T\u00e9cnicos Pedag\u00f3gicos, quienes crearon instrumentos que permitir\u00e1n a docentes comprender con mayor facilidad el Mapa Curricular de la Educaci\u00f3n B\u00e1sica 2011, que a su vez dicho Plan de estudios forma parte de la Reforma Educativa.<\/strong><\/p>\n<p><strong>\u00a0<\/strong><\/p>\n<p><strong>El funcionario estatal precis\u00f3 que estas acciones, as\u00ed como el regreso a clases en los municipios de la Tierra Caliente michoacana, representan el esfuerzo que el gobierno de Michoac\u00e1n realiza para garantizar un mejor futuro. <\/strong><\/p>\n<p><strong>\u00a0<\/strong><\/p>\n<p><strong>La coordinaci\u00f3n entre los gobiernos federal y el estatal para lograr la tranquilidad y el regreso a las escuelas, refleja mayor confianza de la ciudadan\u00eda en sus lugares de origen, dijo.<\/strong><\/p>\n<p><strong>\u00a0<\/strong><\/p>\n<p><strong>Sierra Arias especific\u00f3 que la reincorporaci\u00f3n a las actividades escolares es el \u00a0reflejo de que el gobierno est\u00e1 funcionando adecuadamente; eso implica que detr\u00e1s de un alumno y un maestro que coinciden en un sal\u00f3n de clases, est\u00e1 un cuerpo de gobierno que permite cumplir con un prop\u00f3sito educativo.<\/strong><\/p>\n<p><strong>\u00a0<\/strong><\/p>\n<p><strong>Una muestra de gobernabilidad y de acciones, es esta reuni\u00f3n de entrega de los apoyos curriculares para la educaci\u00f3n Primaria que representa el compromiso del Estado con la educaci\u00f3n del pa\u00eds, porque el equipo t\u00e9cnico estatal, desde su labor, teje el futuro al brindar las herramientas para el progreso de las familias.<\/strong><\/p>\n<p><strong>\u00a0<\/strong><\/p>\n<p><strong>La reuni\u00f3n estuvo presidia por el subsecretario de Educaci\u00f3n B\u00e1sica, Cuitl\u00e1huac Contreras \u00cd\u00f1iguez, quien mencion\u00f3 que estas herramientas curriculares forman parte de la articulaci\u00f3n del Sistema Educativo Nacional, por ello se crearon las reformas educativas en Educaci\u00f3n B\u00e1sica, Media Superior y Superior. <\/strong><\/p>\n<p><strong>Estas adecuaciones a los planes de estudio permiten al estudiante \u00a0transitar de un nivel educativo a otro, basados en las competencias acad\u00e9micas y disminuyendo la deserci\u00f3n escolar.<\/strong><\/p>\n<p><strong>\u00a0<\/strong><\/p>\n<p><strong>Los directivos, subdirectores y subsecretarios, as\u00ed como coordinadores de programas, conocieron los instrumentos que permitir\u00e1n comprender con mayor facilidad el plan de estudios de educaci\u00f3n Primaria en todas sus modalidades; para ello, la maestra Mar\u00eda de Lourdes P\u00e9rez Trejo, coordinadora General del Equipo T\u00e9cnico estatal de Primaria, especific\u00f3 en qu\u00e9 consiste el Plan de Estudios.<\/strong><\/p>\n<p><strong>\u00a0<\/strong><\/p>\n<p><strong>P\u00e9rez Trejo profundiz\u00f3 en que el dise\u00f1o de estos materiales permite que el docente cuente con elementos curriculares, para que desde su pr\u00e1ctica, integren los lineamientos que los Programas de Estudio proponen a fin de lograr los aprendizajes esperados.<\/strong><\/p>\n<p><strong>\u00a0<\/strong><\/p>\n<p><strong>El prop\u00f3sito es facilitar la aplicaci\u00f3n del curr\u00edculo en el aula, para su edici\u00f3n y distribuci\u00f3n a las escuelas y docentes de educaci\u00f3n Primaria en el estado y para integrar una antolog\u00eda de herramientas curriculares a los directivos de Primaria general, Ind\u00edgena, Especial y Educaci\u00f3n F\u00edsica.<\/strong><\/p>\n<p><strong>\u00a0<\/strong><\/p>\n<p><strong>Las herramientas curriculares por su dise\u00f1o, se organizan en:<\/strong><\/p>\n<p><strong>\u00a0<\/strong><\/p>\n<p><strong>1.- Secuencias did\u00e1cticas: Espa\u00f1ol, Exploraci\u00f3n de la Naturaleza y la Sociedad, Historia, Formaci\u00f3n C\u00edvica y \u00c9tica y Educaci\u00f3n Art\u00edstica. <\/strong><\/p>\n<p><strong>\u00a0<\/strong><\/p>\n<p><strong>2.- Secuencias did\u00e1cticas y material para difusi\u00f3n: Matem\u00e1ticas, Ciencias Naturales, La entidad donde vivo, Geograf\u00eda y Evaluaci\u00f3n. <\/strong><\/p>\n<p><strong>\u00a0<\/strong><\/p>\n<p><strong>3.- Dise\u00f1o de materiales: Ingl\u00e9s, Educaci\u00f3n F\u00edsica, Bit\u00e1cora del Docente, Supervisores y Seguimiento.<\/strong><\/p>\n","protected":false},"excerpt":{"rendered":"<p>Cada vez que un alumno pasa de un grado a otro, representa a un eslab\u00f3n que se cierra en el progreso que el pa\u00eds requiere, enfatiz\u00f3 el secretario de Educaci\u00f3n en Michoac\u00e1n, J. Jes\u00fas Sierra Arias,<\/p>\n","protected":false},"author":1,"featured_media":0,"comment_status":"open","ping_status":"open","sticky":false,"template":"","format":"standard","meta":{"footnotes":""},"categories":[14,3],"tags":[],"class_list":["post-5175","post","type-post","status-publish","format-standard","hentry","category-destacadas","category-gobierno-del-estado-de-michoacan"],"_links":{"self":[{"href":"https:\/\/radiowebmx.com\/nota\/wp-json\/wp\/v2\/posts\/5175","targetHints":{"allow":["GET"]}}],"collection":[{"href":"https:\/\/radiowebmx.com\/nota\/wp-json\/wp\/v2\/posts"}],"about":[{"href":"https:\/\/radiowebmx.com\/nota\/wp-json\/wp\/v2\/types\/post"}],"author":[{"embeddable":true,"href":"https:\/\/radiowebmx.com\/nota\/wp-json\/wp\/v2\/users\/1"}],"replies":[{"embeddable":true,"href":"https:\/\/radiowebmx.com\/nota\/wp-json\/wp\/v2\/comments?post=5175"}],"version-history":[{"count":1,"href":"https:\/\/radiowebmx.com\/nota\/wp-json\/wp\/v2\/posts\/5175\/revisions"}],"predecessor-version":[{"id":5177,"href":"https:\/\/radiowebmx.com\/nota\/wp-json\/wp\/v2\/posts\/5175\/revisions\/5177"}],"wp:attachment":[{"href":"https:\/\/radiowebmx.com\/nota\/wp-json\/wp\/v2\/media?parent=5175"}],"wp:term":[{"taxonomy":"category","embeddable":true,"href":"https:\/\/radiowebmx.com\/nota\/wp-json\/wp\/v2\/categories?post=5175"},{"taxonomy":"post_tag","embeddable":true,"href":"https:\/\/radiowebmx.com\/nota\/wp-json\/wp\/v2\/tags?post=5175"}],"curies":[{"name":"wp","href":"https:\/\/api.w.org\/{rel}","templated":true}]}}