{"id":51702,"date":"2018-03-22T17:49:54","date_gmt":"2018-03-22T23:49:54","guid":{"rendered":"https:\/\/radiowebmx.com\/nota\/?p=51702"},"modified":"2018-03-23T10:50:13","modified_gmt":"2018-03-23T16:50:13","slug":"revisa-gobernador-con-segob-protocolos-de-seguridad-para-proceso-electoral","status":"publish","type":"post","link":"https:\/\/radiowebmx.com\/nota\/revisa-gobernador-con-segob-protocolos-de-seguridad-para-proceso-electoral\/","title":{"rendered":"Revisa Gobernador con SEGOB protocolos de seguridad para proceso electoral"},"content":{"rendered":"<p><img loading=\"lazy\" decoding=\"async\" class=\"\" src=\"https:\/\/gallery.mailchimp.com\/c3679d81029880892ab85d106\/images\/d882a4eb-403d-4892-9e2a-5ebde76d0a87.jpeg\" width=\"398\" height=\"266\" \/><\/p>\n<ul>\n<li><strong>El mandatario Silvano Aureoles y sus hom\u00f3logos de Morelos, Tabasco y CDMX, revisan con el secretario Navarrete Prida, las acciones conjuntas por la seguridad.<\/strong><\/li>\n<\/ul>\n<p><strong>Ciudad de M\u00e9xico, a 22 de marzo de 2018.-<\/strong>\u00a0Esta tarde, el Gobernador Constitucional Silvano Aureoles Conejo sostuvo una reuni\u00f3n de trabajo con el secretario de Gobernaci\u00f3n federal, Alfonso Navarrete Prida, donde se revis\u00f3 la elaboraci\u00f3n de protocolos de seguridad para las candidatas y candidatos que participan en el actual proceso electoral, mismos que se efectuar\u00e1n de manera coordinada con el Instituto Nacional Electoral.<\/p>\n<p>El mandatario michoacano puso especial inter\u00e9s en analizar la estrategia que de manera conjunta se despliega en el territorio estatal para brindar seguridad a la poblaci\u00f3n michoacana, no sin antes destacar que derivado del trabajo al interior del Grupo de Coordinaci\u00f3n Michoac\u00e1n, se ha logrado abatir y detener a objetivos delincuenciales para que impere el orden y el Estado de Derecho.<\/p>\n<p>En el encuentro en el que tambi\u00e9n participaron los gobernadores de Morelos, Ram\u00edrez Garrido Abreu; de Tabasco, Arturo N\u00fa\u00f1ez Jim\u00e9nez y el jefe de Gobierno de la Ciudad de M\u00e9xico, Miguel \u00c1ngel Mancera Espinosa, el responsable de la pol\u00edtica interna del pa\u00eds inform\u00f3 a los mandatarios estatales que se compartir\u00e1n datos de la Plataforma M\u00e9xico para reforzar las acciones en contra de la violencia y delincuencia.<\/p>\n<p>Como parte de los acuerdos construidos en reuniones anteriores, se estableci\u00f3 que los responsables de la seguridad y procuraci\u00f3n de justica en los estados, trabajar\u00e1n en conjunto con la Comisi\u00f3n Nacional de Seguridad para continuar el fortalecimiento del intercambio de informaci\u00f3n que se traduzca en mayores resultados para la tranquilidad de la ciudadan\u00eda.<\/p>\n<p>Tambi\u00e9n estuvieron presentes en esta mesa de trabajo, el comisionado Nacional de Seguridad, Renato Sales Heredia; el comisionado general de la Polic\u00eda Federal, Manelich Castilla Craviotto; el responsable del Secretariado Ejecutivo del Sistema Nacional de Seguridad P\u00fablica, \u00c1lvaro Vizca\u00edno Zamora, y el director de la Divisi\u00f3n de Inteligencia de la Polic\u00eda Federal, V\u00edctor Manuel Torres Moreno.<\/p>\n","protected":false},"excerpt":{"rendered":"<p>El mandatario Silvano Aureoles y sus hom\u00f3logos de Morelos, Tabasco y CDMX, revisan con el secretario Navarrete Prida, las acciones conjuntas por la seguridad. Ciudad de M\u00e9xico, a 22 de marzo de 2018.-\u00a0Esta tarde, el Gobernador Constitucional Silvano Aureoles Conejo sostuvo una reuni\u00f3n de trabajo con el secretario de Gobernaci\u00f3n federal, Alfonso Navarrete Prida, donde [&hellip;]<\/p>\n","protected":false},"author":2,"featured_media":51703,"comment_status":"closed","ping_status":"closed","sticky":false,"template":"","format":"standard","meta":{"footnotes":""},"categories":[14,3,60],"tags":[],"class_list":["post-51702","post","type-post","status-publish","format-standard","has-post-thumbnail","hentry","category-destacadas","category-gobierno-del-estado-de-michoacan","category-michoacan"],"_links":{"self":[{"href":"https:\/\/radiowebmx.com\/nota\/wp-json\/wp\/v2\/posts\/51702","targetHints":{"allow":["GET"]}}],"collection":[{"href":"https:\/\/radiowebmx.com\/nota\/wp-json\/wp\/v2\/posts"}],"about":[{"href":"https:\/\/radiowebmx.com\/nota\/wp-json\/wp\/v2\/types\/post"}],"author":[{"embeddable":true,"href":"https:\/\/radiowebmx.com\/nota\/wp-json\/wp\/v2\/users\/2"}],"replies":[{"embeddable":true,"href":"https:\/\/radiowebmx.com\/nota\/wp-json\/wp\/v2\/comments?post=51702"}],"version-history":[{"count":1,"href":"https:\/\/radiowebmx.com\/nota\/wp-json\/wp\/v2\/posts\/51702\/revisions"}],"predecessor-version":[{"id":51704,"href":"https:\/\/radiowebmx.com\/nota\/wp-json\/wp\/v2\/posts\/51702\/revisions\/51704"}],"wp:featuredmedia":[{"embeddable":true,"href":"https:\/\/radiowebmx.com\/nota\/wp-json\/wp\/v2\/media\/51703"}],"wp:attachment":[{"href":"https:\/\/radiowebmx.com\/nota\/wp-json\/wp\/v2\/media?parent=51702"}],"wp:term":[{"taxonomy":"category","embeddable":true,"href":"https:\/\/radiowebmx.com\/nota\/wp-json\/wp\/v2\/categories?post=51702"},{"taxonomy":"post_tag","embeddable":true,"href":"https:\/\/radiowebmx.com\/nota\/wp-json\/wp\/v2\/tags?post=51702"}],"curies":[{"name":"wp","href":"https:\/\/api.w.org\/{rel}","templated":true}]}}