{"id":51696,"date":"2018-03-22T17:49:13","date_gmt":"2018-03-22T23:49:13","guid":{"rendered":"https:\/\/radiowebmx.com\/nota\/?p=51696"},"modified":"2018-03-23T10:43:19","modified_gmt":"2018-03-23T16:43:19","slug":"prohiben-diputados-fumar-en-parques-infantiles","status":"publish","type":"post","link":"https:\/\/radiowebmx.com\/nota\/prohiben-diputados-fumar-en-parques-infantiles\/","title":{"rendered":"Proh\u00edben diputados fumar en parques infantiles"},"content":{"rendered":"<p class=\"x_gmail-MsoNoSpacing\"><b>Morelia; Michoac\u00e1n, 22 de marzo de 2018.-\u00a0<\/b>\u00a0\u00a0Al considerar de suma importancia que el estado de Michoac\u00e1n cuente con el instrumento normativo que proteja a la salud de las personas no fumadoras, el Pleno del Congreso del Estado aprob\u00f3 reformar la Ley de Protecci\u00f3n de los No Fumadores al armonizar la legislaci\u00f3n local con la federal, entre lo que destaca, se encuentra la prohibici\u00f3n de fumar en recintos de los parques infantiles y \u00e1reas o zonas de juego para la infancia.<\/p>\n<p class=\"x_gmail-MsoNoSpacing\">El dictamen presentado por la Comisi\u00f3n de Salud y Asistencia Social, conjunta las iniciativas propuestas en su momento por el titular del Poder Ejecutivo del Estado y por el diputado Roberto Maldonado Hinojosa, reformas en las que coincidieron los integrantes de la comisi\u00f3n dictaminadora, al considerar que estas abonar\u00e1n a crear mejores condiciones de vida para los ni\u00f1os sobretodo, y a las familias en general, ya que establecer la prohibici\u00f3n de fumar en los parques infantiles, ser\u00e1 una medida en pro de la salud de los fumadores pasivos.<\/p>\n<p class=\"x_gmail-MsoNoSpacing\">Asimismo, con las reformas en menci\u00f3n se atribuye la aplicaci\u00f3n de esta Ley y sus reglamentos a la Secretar\u00eda de Salud a trav\u00e9s de la\u00a0Comisi\u00f3n Estatal para la Protecci\u00f3n contra Riesgos Sanitarios (COEPRIS), la que deber\u00e1 coordinar sus acciones con las dependencias y entidades que integran la Administraci\u00f3n P\u00fablica, Federal, Estatal y Municipal en el \u00e1mbito de sus respectivas competencias.<\/p>\n<p class=\"x_gmail-MsoNoSpacing\">Es de precisar que se obliga a las autoridades en la materia a apoyar institucionalmente a la poblaci\u00f3n que desee abandonar el consumo de tabaco; y se proh\u00edbe a cualquier persona consumir o tener encendido cualquier producto del tabaco o cualquiera que simule la acci\u00f3n de fumar en los espacios cien por ciento libres de humo de tabaco.<\/p>\n<p class=\"x_gmail-MsoNoSpacing\">Cabe destacar que se sancionar\u00e1 de\u00a0\u00a0diez hasta cien Unidades de Medida y Actualizaci\u00f3n, a quien incumpla con el manual de se\u00f1alamientos y avisos para prevenir el consumo de productos de tabaco que emita la Secretar\u00eda en los t\u00e9rminos de esta Ley y su Reglamento; se aplicar\u00e1 una multa de cien hasta mil Unidades de Medida y Actualizaci\u00f3n, cuando se encuentren evidencia al incumplimiento al art\u00edculo 14 de esta Ley;\u00a0\u00a0ser\u00e1 acreedor de una sanci\u00f3n de mil hasta cuatro mil Unidades de Medida y Actualizaci\u00f3n, a quien incumpla con las especificaciones t\u00e9cnicas de las zonas exclusivas para fumar establecidas en la Ley y el Reglamento.<\/p>\n<p class=\"x_gmail-MsoNoSpacing\">As\u00ed como a los propietarios, administradores o responsables de un espacio cien por ciento libre de humo de tabaco, que permita el consumo o tener encendido cualquier producto del mismo, recibir\u00e1 una multa de mil hasta cinco mil Unidades de Medida y Actualizaci\u00f3n.<\/p>\n","protected":false},"excerpt":{"rendered":"<p>Morelia; Michoac\u00e1n, 22 de marzo de 2018.-\u00a0\u00a0\u00a0Al considerar de suma importancia que el estado de Michoac\u00e1n cuente con el instrumento normativo que proteja a la salud de las personas no fumadoras, el Pleno del Congreso del Estado aprob\u00f3 reformar la Ley de Protecci\u00f3n de los No Fumadores al armonizar la legislaci\u00f3n local con la federal, [&hellip;]<\/p>\n","protected":false},"author":2,"featured_media":51697,"comment_status":"closed","ping_status":"closed","sticky":false,"template":"","format":"standard","meta":{"footnotes":""},"categories":[6,14],"tags":[],"class_list":["post-51696","post","type-post","status-publish","format-standard","has-post-thumbnail","hentry","category-congreso-del-estado","category-destacadas"],"_links":{"self":[{"href":"https:\/\/radiowebmx.com\/nota\/wp-json\/wp\/v2\/posts\/51696","targetHints":{"allow":["GET"]}}],"collection":[{"href":"https:\/\/radiowebmx.com\/nota\/wp-json\/wp\/v2\/posts"}],"about":[{"href":"https:\/\/radiowebmx.com\/nota\/wp-json\/wp\/v2\/types\/post"}],"author":[{"embeddable":true,"href":"https:\/\/radiowebmx.com\/nota\/wp-json\/wp\/v2\/users\/2"}],"replies":[{"embeddable":true,"href":"https:\/\/radiowebmx.com\/nota\/wp-json\/wp\/v2\/comments?post=51696"}],"version-history":[{"count":1,"href":"https:\/\/radiowebmx.com\/nota\/wp-json\/wp\/v2\/posts\/51696\/revisions"}],"predecessor-version":[{"id":51698,"href":"https:\/\/radiowebmx.com\/nota\/wp-json\/wp\/v2\/posts\/51696\/revisions\/51698"}],"wp:featuredmedia":[{"embeddable":true,"href":"https:\/\/radiowebmx.com\/nota\/wp-json\/wp\/v2\/media\/51697"}],"wp:attachment":[{"href":"https:\/\/radiowebmx.com\/nota\/wp-json\/wp\/v2\/media?parent=51696"}],"wp:term":[{"taxonomy":"category","embeddable":true,"href":"https:\/\/radiowebmx.com\/nota\/wp-json\/wp\/v2\/categories?post=51696"},{"taxonomy":"post_tag","embeddable":true,"href":"https:\/\/radiowebmx.com\/nota\/wp-json\/wp\/v2\/tags?post=51696"}],"curies":[{"name":"wp","href":"https:\/\/api.w.org\/{rel}","templated":true}]}}