{"id":51693,"date":"2018-03-22T19:22:43","date_gmt":"2018-03-23T01:22:43","guid":{"rendered":"https:\/\/radiowebmx.com\/nota\/?p=51693"},"modified":"2018-03-23T10:41:01","modified_gmt":"2018-03-23T16:41:01","slug":"juan-figueroa-demanda-que-permanezca-apoyo-de-la-federacion-en-materia-de-seguridad","status":"publish","type":"post","link":"https:\/\/radiowebmx.com\/nota\/juan-figueroa-demanda-que-permanezca-apoyo-de-la-federacion-en-materia-de-seguridad\/","title":{"rendered":"Juan Figueroa demanda que permanezca apoyo de la federaci\u00f3n en materia de seguridad"},"content":{"rendered":"<p class=\"x_gmail-xmsonormal\"><b>Morelia; Michoac\u00e1n, a 22 de marzo de 2018.-<\/b>\u00a0El garantizar a los ciudadanos la seguridad es una funci\u00f3n y tarea compartida de la federaci\u00f3n, los estados y municipios, por lo que es necesario la coordinaci\u00f3n permanente y el fortalecimiento de las estrategias para no ceder ni un paso a la delincuencia, subray\u00f3 el diputado local Juan Figueroa G\u00f3mez, al hacer uso de la tribuna.<\/p>\n<p class=\"x_gmail-xmsonormal\">Ante el Pleno de la\u00a0<span id=\"0.1561160247130171\" class=\"currentHitHighlight\">LXXIII<\/span>\u00a0Legislatura Loca, el diputado integrante del Grupo Parlamentario del PRD, reconoci\u00f3 el esfuerzo y compromiso que d\u00eda a d\u00eda emprende el gobierno estatal para garantizar la seguridad y se\u00f1al\u00f3 que se necesita la colaboraci\u00f3n y participaci\u00f3n decidida de la federaci\u00f3n y de los municipios.<\/p>\n<p class=\"x_gmail-xmsonormal\">El diputado integrante de la comisi\u00f3n de Seguridad P\u00fablica y Protecci\u00f3n Civil, record\u00f3 que el Gobierno Federal gir\u00f3 la orden de que la divisi\u00f3n de Gendarmer\u00eda de la Polic\u00eda Federal abandonar\u00e1 Michoac\u00e1n y se regresara a la Ciudad de M\u00e9xico, \u201cesta decisi\u00f3n fue un retroceso en el espacio ganado frente a los grupos delincuenciales que a\u00fan operan en la entidad\u201d.<\/p>\n<p class=\"x_gmail-xmsonormal\">En ese contexto, a\u00f1adi\u00f3 que esa mala decisi\u00f3n seguida de un fuerte operativo de la Secretar\u00eda de Seguridad P\u00fablica en Tierra Caliente, para la b\u00fasqueda y captura de objetivos criminales, gener\u00f3 bloqueos en carreteras y veh\u00edculos incendiados, como reacci\u00f3n de algunas c\u00e9lulas delictivas.<\/p>\n<p class=\"x_gmail-xmsonormal\">No obstante, el diputado por el Distrito de Huetamo, agreg\u00f3 que gracias a dicho operativo que emprendi\u00f3 la autoridad estatal, resalt\u00f3, se logr\u00f3 la captura de uno de los l\u00edderes de un cartel delictivo, adem\u00e1s de otras detenciones.<\/p>\n<p class=\"x_gmail-xmsonormal\">El fortalecer la seguridad, enfatiz\u00f3, debe ser de manera permanente, por lo que bajo ninguna circunstancia se tiene que bajar la guardia y en este rengl\u00f3n, se necesita el trabajo en equipo, para no ceder ning\u00fan espacio a la delincuencia.<\/p>\n<p class=\"x_gmail-xmsonormal\">La apuesta de todos los niveles de gobierno debe ser en todo momento el apostarle al fortalecimiento de las instituciones de seguridad, recalc\u00f3 Juan Figueroa, por lo que dijo se requiere garantizar un presupuesto suficiente y un marco normativo adecuado.<\/p>\n<p class=\"x_gmail-xmsonormal\">El garantizar la seguridad a los ciudadanos, puntualiz\u00f3, debe permanecer como una prioridad en la agenda de la federaci\u00f3n, ya que en la medida de que todos los niveles de gobierno trabajen de manera coordinda, se contribuye a generar desarrollo y bienestar a las y los ciudadanos.<\/p>\n<p class=\"x_gmail-xmsonormal\">Reconoci\u00f3 que \u201clas decisiones que en materia de seguridad tomen los tres niveles de gobierno en Michoac\u00e1n, no s\u00f3lo van a determinar nuestro presente, sino tambi\u00e9n el futuro de nuestros hijos y el de las pr\u00f3ximas generaciones. Estamos llamados a la unidad y a contribuir a sacar adelante a nuestra entidad\u201d.<\/p>\n","protected":false},"excerpt":{"rendered":"<p>Morelia; Michoac\u00e1n, a 22 de marzo de 2018.-\u00a0El garantizar a los ciudadanos la seguridad es una funci\u00f3n y tarea compartida de la federaci\u00f3n, los estados y municipios, por lo que es necesario la coordinaci\u00f3n permanente y el fortalecimiento de las estrategias para no ceder ni un paso a la delincuencia, subray\u00f3 el diputado local Juan [&hellip;]<\/p>\n","protected":false},"author":2,"featured_media":51694,"comment_status":"closed","ping_status":"closed","sticky":false,"template":"","format":"standard","meta":{"footnotes":""},"categories":[6,14],"tags":[],"class_list":["post-51693","post","type-post","status-publish","format-standard","has-post-thumbnail","hentry","category-congreso-del-estado","category-destacadas"],"_links":{"self":[{"href":"https:\/\/radiowebmx.com\/nota\/wp-json\/wp\/v2\/posts\/51693","targetHints":{"allow":["GET"]}}],"collection":[{"href":"https:\/\/radiowebmx.com\/nota\/wp-json\/wp\/v2\/posts"}],"about":[{"href":"https:\/\/radiowebmx.com\/nota\/wp-json\/wp\/v2\/types\/post"}],"author":[{"embeddable":true,"href":"https:\/\/radiowebmx.com\/nota\/wp-json\/wp\/v2\/users\/2"}],"replies":[{"embeddable":true,"href":"https:\/\/radiowebmx.com\/nota\/wp-json\/wp\/v2\/comments?post=51693"}],"version-history":[{"count":1,"href":"https:\/\/radiowebmx.com\/nota\/wp-json\/wp\/v2\/posts\/51693\/revisions"}],"predecessor-version":[{"id":51695,"href":"https:\/\/radiowebmx.com\/nota\/wp-json\/wp\/v2\/posts\/51693\/revisions\/51695"}],"wp:featuredmedia":[{"embeddable":true,"href":"https:\/\/radiowebmx.com\/nota\/wp-json\/wp\/v2\/media\/51694"}],"wp:attachment":[{"href":"https:\/\/radiowebmx.com\/nota\/wp-json\/wp\/v2\/media?parent=51693"}],"wp:term":[{"taxonomy":"category","embeddable":true,"href":"https:\/\/radiowebmx.com\/nota\/wp-json\/wp\/v2\/categories?post=51693"},{"taxonomy":"post_tag","embeddable":true,"href":"https:\/\/radiowebmx.com\/nota\/wp-json\/wp\/v2\/tags?post=51693"}],"curies":[{"name":"wp","href":"https:\/\/api.w.org\/{rel}","templated":true}]}}