{"id":51690,"date":"2018-03-22T19:25:54","date_gmt":"2018-03-23T01:25:54","guid":{"rendered":"https:\/\/radiowebmx.com\/nota\/?p=51690"},"modified":"2018-03-23T10:37:53","modified_gmt":"2018-03-23T16:37:53","slug":"llama-jeovana-alcantar-a-retomar-el-pensamiento-juarista","status":"publish","type":"post","link":"https:\/\/radiowebmx.com\/nota\/llama-jeovana-alcantar-a-retomar-el-pensamiento-juarista\/","title":{"rendered":"Llama Jeovana Alc\u00e1ntar a retomar el pensamiento juarista"},"content":{"rendered":"<p class=\"x_gmail-xmsonormal\"><b>Morelia; Michoac\u00e1n, a 22 de marzo de 2018.-<\/b>\u00a0A retomar el pensamiento juarista y luchar contra la injusticia, violencia y desigualdad para garantizar los derechos, justicia y progreso de los ciudadanos, convoc\u00f3 la diputada local Jeovana Alc\u00e1ntar Baca, al hacer uso de la tribuna con motivo del 212 Aniversario del Natalicio de Benito Ju\u00e1rez.<\/p>\n<p class=\"x_gmail-xmsonormal\">La diputada local por el Distrito de Hidalgo manifest\u00f3 ante el Pleno de la\u00a0<span id=\"0.6162712524030127\" class=\"currentHitHighlight\">LXXIII<\/span>\u00a0Legislatura Local, que no puede existir un federalismo sano, y una rep\u00fablica equilibrada, en la que\u00a0 s\u00f3lo un poder determinar el progreso y destino de los Estados, limitando los recursos indispensables para el sustento de los mismos.<\/p>\n<p class=\"x_gmail-xmsonormal\">La presidenta de la comisi\u00f3n de Fortalecimiento Municipal y L\u00edmites Territoriales en el Congreso del Estado, se\u00f1al\u00f3 que \u201cun presidente que estrangula a sus ciudadanos confinando sus capacidades de desarrollo, no respeta el derecho ajeno de las entidades federativas y por tanto no contribuye a la paz social anhelada de los mexicanos\u201d.<\/p>\n<p class=\"x_gmail-xmsonormal\">Por ello, enfatiz\u00f3 que se deben retomar las v\u00edas del sistema republicano que se perdi\u00f3 y convoc\u00f3 a retomar el pensamiento de un hombre nacionalista, patriota y humilde, ya que de esa manera se lograr\u00e1 construir una sociedad sin desigualdad.<\/p>\n<p class=\"x_gmail-xmsonormal\">Jeovana Alc\u00e1ntar puntualiz\u00f3 que en este momento de la historia, en donde nuestra patria se desangra de nuevo por la injusticia, la violencia y la desigualdad, en que se ha perdido la l\u00ednea que distingue la visi\u00f3n republicana, se debe retomar el pensamiento juarista, y se tiene que propiciar el tr\u00e1nsito a un requilibrio justo de poderes.<\/p>\n<p class=\"x_gmail-xmsonormal\">\u00a0Resalt\u00f3 que Benito Ju\u00e1rez es arquitecto de nuestra ideolog\u00eda, piedra fundamental de nuestra memoria, y el gu\u00eda de generaciones de mexicanos, quienes reconocemos en \u00e9l, nuestras mejores posibilidades humanas y el pacto que nos compromete a permanecer unidos en un nacionalismo combatiente.<\/p>\n<p class=\"x_gmail-xmsonormal\">Llam\u00f3 a tener presente que sus batallas siguen siendo las nuestras, ya que mientras exista marginaci\u00f3n, explotaci\u00f3n, miseria e injusticia, su m\u00e1xima sentencia seguir\u00e1 m\u00e1s firme que nunca, proclamando al derecho como \u00fanica v\u00eda a la paz.<\/p>\n<p class=\"x_gmail-xmsonormal\">\u201cNo invoquemos su nombre sin raz\u00f3n, pero hag\u00e1moslo cuando deban defenderse los principios por los que luch\u00f3, que su visi\u00f3n reformadora sea luz que ilumine la senda del progreso y de la justicia\u201d.<\/p>\n","protected":false},"excerpt":{"rendered":"<p>Morelia; Michoac\u00e1n, a 22 de marzo de 2018.-\u00a0A retomar el pensamiento juarista y luchar contra la injusticia, violencia y desigualdad para garantizar los derechos, justicia y progreso de los ciudadanos, convoc\u00f3 la diputada local Jeovana Alc\u00e1ntar Baca, al hacer uso de la tribuna con motivo del 212 Aniversario del Natalicio de Benito Ju\u00e1rez. La diputada [&hellip;]<\/p>\n","protected":false},"author":2,"featured_media":51691,"comment_status":"closed","ping_status":"closed","sticky":false,"template":"","format":"standard","meta":{"footnotes":""},"categories":[6,14],"tags":[],"class_list":["post-51690","post","type-post","status-publish","format-standard","has-post-thumbnail","hentry","category-congreso-del-estado","category-destacadas"],"_links":{"self":[{"href":"https:\/\/radiowebmx.com\/nota\/wp-json\/wp\/v2\/posts\/51690","targetHints":{"allow":["GET"]}}],"collection":[{"href":"https:\/\/radiowebmx.com\/nota\/wp-json\/wp\/v2\/posts"}],"about":[{"href":"https:\/\/radiowebmx.com\/nota\/wp-json\/wp\/v2\/types\/post"}],"author":[{"embeddable":true,"href":"https:\/\/radiowebmx.com\/nota\/wp-json\/wp\/v2\/users\/2"}],"replies":[{"embeddable":true,"href":"https:\/\/radiowebmx.com\/nota\/wp-json\/wp\/v2\/comments?post=51690"}],"version-history":[{"count":1,"href":"https:\/\/radiowebmx.com\/nota\/wp-json\/wp\/v2\/posts\/51690\/revisions"}],"predecessor-version":[{"id":51692,"href":"https:\/\/radiowebmx.com\/nota\/wp-json\/wp\/v2\/posts\/51690\/revisions\/51692"}],"wp:featuredmedia":[{"embeddable":true,"href":"https:\/\/radiowebmx.com\/nota\/wp-json\/wp\/v2\/media\/51691"}],"wp:attachment":[{"href":"https:\/\/radiowebmx.com\/nota\/wp-json\/wp\/v2\/media?parent=51690"}],"wp:term":[{"taxonomy":"category","embeddable":true,"href":"https:\/\/radiowebmx.com\/nota\/wp-json\/wp\/v2\/categories?post=51690"},{"taxonomy":"post_tag","embeddable":true,"href":"https:\/\/radiowebmx.com\/nota\/wp-json\/wp\/v2\/tags?post=51690"}],"curies":[{"name":"wp","href":"https:\/\/api.w.org\/{rel}","templated":true}]}}