{"id":51663,"date":"2018-03-22T14:53:53","date_gmt":"2018-03-22T20:53:53","guid":{"rendered":"https:\/\/radiowebmx.com\/nota\/?p=51663"},"modified":"2018-03-22T14:53:53","modified_gmt":"2018-03-22T20:53:53","slug":"inaugura-gobernador-centro-escolar-aquiles-cordova-moran-por-casi-55-mdp","status":"publish","type":"post","link":"https:\/\/radiowebmx.com\/nota\/inaugura-gobernador-centro-escolar-aquiles-cordova-moran-por-casi-55-mdp\/","title":{"rendered":"Inaugura Gobernador Centro Escolar \u201cAquiles C\u00f3rdova Mor\u00e1n\u201d por casi 55 mdp"},"content":{"rendered":"<p><img loading=\"lazy\" decoding=\"async\" class=\"\" src=\"https:\/\/gallery.mailchimp.com\/c3679d81029880892ab85d106\/images\/0d884d4f-3149-4f7e-90cc-6b898f1cd3e7.jpeg\" width=\"400\" height=\"266\" \/><\/p>\n<ul>\n<li><strong>En coordinaci\u00f3n entre la SCOP y la organizaci\u00f3n Antorcha Campesina, en este Centro Escolar se edificaron Jard\u00edn de Ni\u00f1os, Primaria y Secundaria que benefician a 500 alumnas y alumnos.<\/strong><\/li>\n<li><strong>Para la ejecuci\u00f3n de la obra se requirieron 50 mdp; mientras que el IIFEEM destin\u00f3 para el equipamiento y mobiliario 5 mdp.<\/strong><\/li>\n<\/ul>\n<p><strong>\u00a0<\/strong><\/p>\n<p><strong>Morelia, Michoac\u00e1n, a 22 de marzo de 2018.-\u00a0<\/strong>El Gobernador Constitucional Silvano Aureoles Conejo inaugur\u00f3 las instalaciones del Centro Escolar &#8220;Aquiles C\u00f3rdova Mor\u00e1n&#8221;, en donde tambi\u00e9n entreg\u00f3 equipamiento y mobiliario, lo que requiri\u00f3 una inversi\u00f3n superior a los 55 millones de pesos.<\/p>\n<p>Ante estudiantes de Jard\u00edn de Ni\u00f1os, Primaria y Secundaria, madres y padres de familia, personal administrativo y docente del Centro Escolar, el mandatario estatal se\u00f1al\u00f3 que una manera de ayudar a la gente que menos tiene es acerc\u00e1ndoles educaci\u00f3n de calidad, servicios de salud, generarles condiciones de acceso a la vivienda, as\u00ed como oportunidades de empleo e ingreso.<\/p>\n<p>Con la presencia del l\u00edder estatal de Antorcha Campesina, Omar Carre\u00f3n Abud, el Gobernador del Estado expres\u00f3 que con esta organizaci\u00f3n su administraci\u00f3n trabaja en equipo, sobre todo, porque apoya a quienes m\u00e1s lo requieren.<\/p>\n<p>Expres\u00f3 que la administraci\u00f3n que encabeza trabaja d\u00eda a d\u00eda para que la ni\u00f1ez y juventud cuenten con educaci\u00f3n de calidad. \u201cEs la mejor inversi\u00f3n que podemos hacer\u201d, de ah\u00ed el trabajo que en materia de rehabilitaci\u00f3n se realiza en instituciones educativas.<\/p>\n<p>Asimismo, aplaudi\u00f3 a las maestras y maestros que se encuentran comprometidos con brindar educaci\u00f3n de calidad y que nunca abandonan las aulas. \u201cS\u00f3lo as\u00ed seremos una sociedad m\u00e1s incluyente, justa e igualitaria\u201d.<\/p>\n<p>Finalmente se comprometi\u00f3 en la edificaci\u00f3n de la techumbre de la cancha de usos m\u00faltiples, tanque elevado para captaci\u00f3n de agua potable, as\u00ed como en la instalaci\u00f3n de un sistema de riego para el Centro Escolar.<\/p>\n<p>El secretario de Comunicaciones y Obras P\u00fablicas (SCOP), Jos\u00e9 Juan Dom\u00ednguez L\u00f3pez inform\u00f3 que en coordinaci\u00f3n con Antorcha Campesina se construy\u00f3 el Centro Escolar &#8220;Aquiles C\u00f3rdova Mor\u00e1n&#8221;, trabajos realizados en una superficie de 18 mil 600 metros cuadrados, sobre la que se edificaron un Jard\u00edn de Ni\u00f1os, Primaria y Secundaria.<\/p>\n<p>Detall\u00f3 que la Secundaria consta de siete edificios, con un total de 19 aulas entre las que se encuentran el taller de c\u00f3mputo, de vestido, de dibujo, electricidad; dos laboratorios, biblioteca, oficina administrativa, bodega, dos m\u00f3dulos de ba\u00f1o, canchas de usos m\u00faltiples, de basquetbol, futbol y voleibol, adem\u00e1s de patio c\u00edvico.<\/p>\n<p>La Primaria cuenta con siete edificios con 22 aulas, entre las que se encuentra un aula de medios y una biblioteca, adem\u00e1s cuenta con una oficina administrativa, biblioteca, m\u00f3dulos de ba\u00f1o, dos canchas de usos m\u00faltiples y patio c\u00edvico.<\/p>\n<p>En el Jard\u00edn de Ni\u00f1os se construyeron cuatro edificios con 13 aulas, y tiene aula de medios, biblioteca, oficina administrativa, bodega, m\u00f3dulos de ba\u00f1o y patio c\u00edvico.<\/p>\n<p>Asimismo, explic\u00f3 que tanto la Secundaria, Primaria y Jard\u00edn de Ni\u00f1os cuentan con espacio para cocina y comedor, as\u00ed como \u00e1rea cooperativa; adem\u00e1s, se electrificaron con postes y cableados las calles que rodean a este Centro.<\/p>\n<p>La directora general del Instituto de Infraestructura F\u00edsica Educativa del Estado de Michoac\u00e1n (IIFEEM), Mar\u00eda Guadalupe D\u00edaz Chagolla, inform\u00f3 que la dependencia a su cargo entreg\u00f3 equipamiento y mobiliario para el Jard\u00edn de Ni\u00f1os, la Primaria y Secundaria con el objetivo de fortalecer la educaci\u00f3n y as\u00ed las y los estudiantes cuenten con las herramientas necesarias para que desarrollen al m\u00e1ximo sus capacidades y habilidades.<\/p>\n<p>El mobiliario y equipamiento est\u00e1 valorado en 5 millones 500 mil 495 pesos a trav\u00e9s del Fondo de Aportaciones M\u00faltiples (FAM) en beneficio de alrededor 500 alumnas y alumnos.<\/p>\n<p>Agreg\u00f3, que a la fecha, el IIFEEM ha dignificado m\u00e1s de mil 700 planteles, en beneficio de m\u00e1s de 400 mil estudiantes de los 113 municipios.<\/p>\n<p>El secretario de Educaci\u00f3n en el Estado, Alberto Frutis Sol\u00eds se\u00f1al\u00f3 que la actual administraci\u00f3n est\u00e1 comprometida con brindar instalaciones dignas y educaci\u00f3n de calidad a la ni\u00f1ez y juventud de la entidad.<\/p>\n<p>El l\u00edder estatal de Antorcha Campesina, Omar Carre\u00f3n Abud, agradeci\u00f3 el apoyo que el Gobierno del Estado ha brindado en materia educativa con la organizaci\u00f3n, lo que beneficia a las ni\u00f1as, ni\u00f1os y juventud de Michoac\u00e1n.<\/p>\n<p>\u201cSin su apoyo la construcci\u00f3n de esta instituci\u00f3n no hubiera sido posible. Agradecemos que siga preocup\u00e1ndose por las causas de los m\u00e1s necesitados\u201d, expres\u00f3 al Gobernador.<\/p>\n<p>En representaci\u00f3n de las y los estudiantes, la alumna Alondra Urbina Escutia agradeci\u00f3 la obra y equipamiento entregados, por lo que dijo que cuidar\u00e1n y sacar\u00e1n el mayor provecho.<\/p>\n<p>Estuvieron presentes la delegada en Michoac\u00e1n de la SEP, Silvia Mendoza Valenzuela; la directora de la Escuela Primaria, Carmen Olvera; la directora del Jard\u00edn de Ni\u00f1os, Olga Bola\u00f1os Zacar\u00edas y el encargado del orden de la colonia Jardines de Santiaguito, Jos\u00e9 Rocha Rodr\u00edguez; as\u00ed como diversas autoridades.<\/p>\n<p>&nbsp;<\/p>\n<p><img loading=\"lazy\" decoding=\"async\" class=\"\" src=\"https:\/\/gallery.mailchimp.com\/c3679d81029880892ab85d106\/images\/18412a21-3392-4777-889b-8b26b2dedd2b.jpeg\" width=\"400\" height=\"266\" \/><\/p>\n<p>&nbsp;<\/p>\n<p><img loading=\"lazy\" decoding=\"async\" class=\"\" src=\"https:\/\/gallery.mailchimp.com\/c3679d81029880892ab85d106\/images\/fc7cf7b4-4876-4506-b883-614055d91ef8.jpeg\" width=\"400\" height=\"266\" \/><\/p>\n","protected":false},"excerpt":{"rendered":"<p>En coordinaci\u00f3n entre la SCOP y la organizaci\u00f3n Antorcha Campesina, en este Centro Escolar se edificaron Jard\u00edn de Ni\u00f1os, Primaria y Secundaria que benefician a 500 alumnas y alumnos. Para la ejecuci\u00f3n de la obra se requirieron 50 mdp; mientras que el IIFEEM destin\u00f3 para el equipamiento y mobiliario 5 mdp. \u00a0 Morelia, Michoac\u00e1n, a [&hellip;]<\/p>\n","protected":false},"author":2,"featured_media":51666,"comment_status":"closed","ping_status":"closed","sticky":false,"template":"","format":"standard","meta":{"footnotes":""},"categories":[14,3,60],"tags":[],"class_list":["post-51663","post","type-post","status-publish","format-standard","has-post-thumbnail","hentry","category-destacadas","category-gobierno-del-estado-de-michoacan","category-michoacan"],"_links":{"self":[{"href":"https:\/\/radiowebmx.com\/nota\/wp-json\/wp\/v2\/posts\/51663","targetHints":{"allow":["GET"]}}],"collection":[{"href":"https:\/\/radiowebmx.com\/nota\/wp-json\/wp\/v2\/posts"}],"about":[{"href":"https:\/\/radiowebmx.com\/nota\/wp-json\/wp\/v2\/types\/post"}],"author":[{"embeddable":true,"href":"https:\/\/radiowebmx.com\/nota\/wp-json\/wp\/v2\/users\/2"}],"replies":[{"embeddable":true,"href":"https:\/\/radiowebmx.com\/nota\/wp-json\/wp\/v2\/comments?post=51663"}],"version-history":[{"count":1,"href":"https:\/\/radiowebmx.com\/nota\/wp-json\/wp\/v2\/posts\/51663\/revisions"}],"predecessor-version":[{"id":51667,"href":"https:\/\/radiowebmx.com\/nota\/wp-json\/wp\/v2\/posts\/51663\/revisions\/51667"}],"wp:featuredmedia":[{"embeddable":true,"href":"https:\/\/radiowebmx.com\/nota\/wp-json\/wp\/v2\/media\/51666"}],"wp:attachment":[{"href":"https:\/\/radiowebmx.com\/nota\/wp-json\/wp\/v2\/media?parent=51663"}],"wp:term":[{"taxonomy":"category","embeddable":true,"href":"https:\/\/radiowebmx.com\/nota\/wp-json\/wp\/v2\/categories?post=51663"},{"taxonomy":"post_tag","embeddable":true,"href":"https:\/\/radiowebmx.com\/nota\/wp-json\/wp\/v2\/tags?post=51663"}],"curies":[{"name":"wp","href":"https:\/\/api.w.org\/{rel}","templated":true}]}}