{"id":51657,"date":"2018-03-22T14:46:17","date_gmt":"2018-03-22T20:46:17","guid":{"rendered":"https:\/\/radiowebmx.com\/nota\/?p=51657"},"modified":"2018-03-22T15:03:37","modified_gmt":"2018-03-22T21:03:37","slug":"toman-protesta-a-marisol-aguilar-como-presidenta-interina-del-pri-en-morelia","status":"publish","type":"post","link":"https:\/\/radiowebmx.com\/nota\/toman-protesta-a-marisol-aguilar-como-presidenta-interina-del-pri-en-morelia\/","title":{"rendered":"Toman protesta a Marisol Aguilar como presidenta interina del PRI en Morelia"},"content":{"rendered":"<p><img loading=\"lazy\" decoding=\"async\" class=\"\" src=\"https:\/\/attachment.outlook.live.net\/owa\/ultrapolitica@hotmail.com\/service.svc\/s\/GetAttachmentThumbnail?id=AQMkADAwATYwMAItODMyNi00ODU0LTAwAi0wMAoARgAAA5HawHgQuq9DrqMPu%2BRLC5sHANRV7lYdW%2FpNtd2j%2BEW2swoAAAIBDAAAANRV7lYdW%2FpNtd2j%2BEW2swoAAj5qrNkAAAABEgAQAAlv7pvpet1MsUF7pEGMRzs%3D&amp;thumbnailType=2&amp;X-OWA-CANARY=2B06RmkSIkSSWkSwCN8QzoCipGw1kNUYwKNFTAtSJStMKILB-0NiRLDcdpycDjR8b-7Ze_bsm4M.&amp;token=eyJ0eXAiOiJKV1QiLCJhbGciOiJSUzI1NiIsIng1dCI6ImVuaDlCSnJWUFU1aWpWMXFqWmpWLWZMMmJjbyJ9.eyJ2ZXIiOiJFeGNoYW5nZS5DYWxsYmFjay5WMSIsImFwcGN0eHNlbmRlciI6Ik93YURvd25sb2FkQDg0ZGY5ZTdmLWU5ZjYtNDBhZi1iNDM1LWFhYWFhYWFhYWFhYSIsImFwcGN0eCI6IntcIm1zZXhjaHByb3RcIjpcIm93YVwiLFwicHJpbWFyeXNpZFwiOlwiUy0xLTI4MjctMzkzMjE2LTIyMDAzMjQxODBcIixcInB1aWRcIjpcIjE2ODg4NTIwNjA1ODgxMTZcIixcIm9pZFwiOlwiMDAwNjAwMDAtODMyNi00ODU0LTAwMDAtMDAwMDAwMDAwMDAwXCIsXCJzY29wZVwiOlwiT3dhRG93bmxvYWRcIn0iLCJpc3MiOiIwMDAwMDAwMi0wMDAwLTBmZjEtY2UwMC0wMDAwMDAwMDAwMDBAODRkZjllN2YtZTlmNi00MGFmLWI0MzUtYWFhYWFhYWFhYWFhIiwiYXVkIjoiMDAwMDAwMDItMDAwMC0wZmYxLWNlMDAtMDAwMDAwMDAwMDAwL2F0dGFjaG1lbnQub3V0bG9vay5saXZlLm5ldEA4NGRmOWU3Zi1lOWY2LTQwYWYtYjQzNS1hYWFhYWFhYWFhYWEiLCJleHAiOjE1MjE3NTE3NzgsIm5iZiI6MTUyMTc1MTE3OH0.Ajm2OMYzu5JAN3tRGqijuMfwNsInXxngcBb-IO83dZFGUL7h_Bt36J_lOYymgMGNcCT3P3lr8QVrcLYk9Pgq5r3RxK9FngG5SB34wtmP_qXZKnb56vP22ZFRxDuhMlMd8JaIO4E0WJd34b_5ZAo-hL0qJ9ZQlHZ_n6r1MK_RSfTjuFAXuNLpwKbKAfWoz0bXROQ3kBGu3I0wfX-VXmgyzCGdvWPkKSFd6wuGUvsCfYM6D7-prw4tJ7QoOk_J4hk5QUyT4Rf2Meu4msTHgDQZe2xcnCZkYvyutCS782TCo66HQuYQ8z8xCNhbmwKEJaV_8nW9tkWpzInpKnD7TEQyig&amp;owa=outlook.live.com&amp;isc=1\" width=\"400\" height=\"266\" \/><\/p>\n<p>&nbsp;<\/p>\n<p><strong>Morelia, Michoac\u00e1n a 22 de Marzo de 2018. <\/strong>Rindi\u00f3 protesta\u00a0 Marisol Aguilar Aguilar, como presidenta interina del Comit\u00e9 Municipal del PRI en\u00a0 Morelia.<\/p>\n<p>En la sede del Comit\u00e9 Directivo Estatal (CDE) se reunieron las expresiones del instituto pol\u00edtico municipal para arropar a la que ser\u00e1 a partir de hoy y hasta que culmine el proceso electoral la encargada de dirigir a la militancia priista de Morelia.<\/p>\n<p>Al respecto, Antonio Guzm\u00e1n, Secretario de Organizaci\u00f3n del CDE del PRI Michoac\u00e1n y representante del presidente, V\u00edctor Silva Tejeda, augur\u00f3 que el pr\u00f3ximo 1 de julio, el ayuntamiento de Morelia volver\u00e1 a ser de los priistas, \u201cse trabaja desde el interior para fortalecer las bases, y estoy seguro que as\u00ed ser\u00e1 con la juventud de qui\u00e9n dirige el partido en el municipio\u201d.<\/p>\n<p>De igual manera, el Delegado Especial del CEN en Morelia, Marco Polo Aguirre, exhort\u00f3 a la hoy presidenta hacer trabajo de campo y convencer a la militancia Morelia pie-tierra \u201clas elecciones no se ganan en una oficina, se necesita recorrer las calles y conocer a la gente, es ah\u00ed donde realmente se ganan las batallas\u201d.<\/p>\n<p>El delegado, Ney Gonz\u00e1lez\u00a0 S\u00e1nchez, tras la toma de protesta de la nueva presidenta interina, dijo a la audiencia que es importante el trabajo en equipo y m\u00e1s all\u00e1 de las expresiones al interior del partido, se debe olvidar la frase \u201cel partido me debe, sino m\u00e1s pensar que le debemos al partido\u201d por ello destac\u00f3 la importancia de poder unir fuerzas para que Morelia vuelva ser del PRI.<\/p>\n<p>Finalmente, Marisol Aguilar, se comprometi\u00f3 a continuar con los trabajos al interior del Comit\u00e9 Municipal y seguir la ruta trazada para llegar al triunfo este 2018.<\/p>\n<p>En el acto protocolario estuvieron presentes, Ney Gonz\u00e1lez, Delegado general del CEN en Michoac\u00e1n; Ariel Pe\u00f1a Colin, Delegado especial del CEN en Michoac\u00e1n; Antonio Guzm\u00e1n Casta\u00f1eda, Secretario de Organizaci\u00f3n del CDE del PRI; Daniela de los Santos Torres, Candidata a la Presidencia Municipal de Morelia, Kathia Elena Ortiz \u00c1vila, Candidata por el Distrito 17 Morelia Sureste y Marco Polo Aguirre Ch\u00e1vez, Delegado Especial del CEN en Morelia, entre otros<\/p>\n","protected":false},"excerpt":{"rendered":"<p>&nbsp; Morelia, Michoac\u00e1n a 22 de Marzo de 2018. Rindi\u00f3 protesta\u00a0 Marisol Aguilar Aguilar, como presidenta interina del Comit\u00e9 Municipal del PRI en\u00a0 Morelia. En la sede del Comit\u00e9 Directivo Estatal (CDE) se reunieron las expresiones del instituto pol\u00edtico municipal para arropar a la que ser\u00e1 a partir de hoy y hasta que culmine el [&hellip;]<\/p>\n","protected":false},"author":2,"featured_media":51658,"comment_status":"closed","ping_status":"closed","sticky":false,"template":"","format":"standard","meta":{"footnotes":""},"categories":[14,11,12],"tags":[],"class_list":["post-51657","post","type-post","status-publish","format-standard","has-post-thumbnail","hentry","category-destacadas","category-partidos-politicos","category-pri"],"_links":{"self":[{"href":"https:\/\/radiowebmx.com\/nota\/wp-json\/wp\/v2\/posts\/51657","targetHints":{"allow":["GET"]}}],"collection":[{"href":"https:\/\/radiowebmx.com\/nota\/wp-json\/wp\/v2\/posts"}],"about":[{"href":"https:\/\/radiowebmx.com\/nota\/wp-json\/wp\/v2\/types\/post"}],"author":[{"embeddable":true,"href":"https:\/\/radiowebmx.com\/nota\/wp-json\/wp\/v2\/users\/2"}],"replies":[{"embeddable":true,"href":"https:\/\/radiowebmx.com\/nota\/wp-json\/wp\/v2\/comments?post=51657"}],"version-history":[{"count":2,"href":"https:\/\/radiowebmx.com\/nota\/wp-json\/wp\/v2\/posts\/51657\/revisions"}],"predecessor-version":[{"id":51673,"href":"https:\/\/radiowebmx.com\/nota\/wp-json\/wp\/v2\/posts\/51657\/revisions\/51673"}],"wp:featuredmedia":[{"embeddable":true,"href":"https:\/\/radiowebmx.com\/nota\/wp-json\/wp\/v2\/media\/51658"}],"wp:attachment":[{"href":"https:\/\/radiowebmx.com\/nota\/wp-json\/wp\/v2\/media?parent=51657"}],"wp:term":[{"taxonomy":"category","embeddable":true,"href":"https:\/\/radiowebmx.com\/nota\/wp-json\/wp\/v2\/categories?post=51657"},{"taxonomy":"post_tag","embeddable":true,"href":"https:\/\/radiowebmx.com\/nota\/wp-json\/wp\/v2\/tags?post=51657"}],"curies":[{"name":"wp","href":"https:\/\/api.w.org\/{rel}","templated":true}]}}