{"id":51633,"date":"2018-03-22T13:05:53","date_gmt":"2018-03-22T19:05:53","guid":{"rendered":"https:\/\/radiowebmx.com\/nota\/?p=51633"},"modified":"2018-03-22T14:07:23","modified_gmt":"2018-03-22T20:07:23","slug":"diputados-solicitan-licencia","status":"publish","type":"post","link":"https:\/\/radiowebmx.com\/nota\/diputados-solicitan-licencia\/","title":{"rendered":"Diputados solicitan licencia"},"content":{"rendered":"<p class=\"x_MsoNormal\"><b>Morelia; Michoac\u00e1n, 22 de marzo de 2018<\/b>.- En sesi\u00f3n ordinaria, el Pleno de la LXXIII Legislatura dio lectura a la comunicaci\u00f3n remitida por la Junta de Coordinaci\u00f3n Pol\u00edtica, mediante la cual da cuenta de las solicitudes presentadas por diversos diputados para separarse del cargo que ostentan.<\/p>\n<p class=\"x_MsoNormal\">En ese sentido, y de conformidad con el art\u00edculo 8 de la Ley Org\u00e1nica y de Procedimientos del Congreso del Estado, los diputados Carlos Quintana, Miguel \u00c1ngel Villegas, Wilfrido L\u00e1zaro, Belinda Iturbide, Macarena Ch\u00e1vez, Antonio Garc\u00eda, Elo\u00edsa Berber, Alma Mireya Gonz\u00e1lez, Mary Carmen Bernal, Raymundo Arreola, Adriana Campos, X\u00f3chitl Ru\u00edz, Juan Manuel Figueroa y Rosal\u00eda Miranda, solicitaron licencia para separarse de su cargo.<\/p>\n<p class=\"x_MsoNormal\">\u00a0Las comunicaciones fueron turnadas a la Comisi\u00f3n de R\u00e9gimen Interno y Pr\u00e1cticas Parlamentarias para su estudio, an\u00e1lisis y dictamen.<\/p>\n","protected":false},"excerpt":{"rendered":"<p>Morelia; Michoac\u00e1n, 22 de marzo de 2018.- En sesi\u00f3n ordinaria, el Pleno de la LXXIII Legislatura dio lectura a la comunicaci\u00f3n remitida por la Junta de Coordinaci\u00f3n Pol\u00edtica, mediante la cual da cuenta de las solicitudes presentadas por diversos diputados para separarse del cargo que ostentan. En ese sentido, y de conformidad con el art\u00edculo [&hellip;]<\/p>\n","protected":false},"author":2,"featured_media":51634,"comment_status":"closed","ping_status":"closed","sticky":false,"template":"","format":"standard","meta":{"footnotes":""},"categories":[6,14],"tags":[],"class_list":["post-51633","post","type-post","status-publish","format-standard","has-post-thumbnail","hentry","category-congreso-del-estado","category-destacadas"],"_links":{"self":[{"href":"https:\/\/radiowebmx.com\/nota\/wp-json\/wp\/v2\/posts\/51633","targetHints":{"allow":["GET"]}}],"collection":[{"href":"https:\/\/radiowebmx.com\/nota\/wp-json\/wp\/v2\/posts"}],"about":[{"href":"https:\/\/radiowebmx.com\/nota\/wp-json\/wp\/v2\/types\/post"}],"author":[{"embeddable":true,"href":"https:\/\/radiowebmx.com\/nota\/wp-json\/wp\/v2\/users\/2"}],"replies":[{"embeddable":true,"href":"https:\/\/radiowebmx.com\/nota\/wp-json\/wp\/v2\/comments?post=51633"}],"version-history":[{"count":1,"href":"https:\/\/radiowebmx.com\/nota\/wp-json\/wp\/v2\/posts\/51633\/revisions"}],"predecessor-version":[{"id":51635,"href":"https:\/\/radiowebmx.com\/nota\/wp-json\/wp\/v2\/posts\/51633\/revisions\/51635"}],"wp:featuredmedia":[{"embeddable":true,"href":"https:\/\/radiowebmx.com\/nota\/wp-json\/wp\/v2\/media\/51634"}],"wp:attachment":[{"href":"https:\/\/radiowebmx.com\/nota\/wp-json\/wp\/v2\/media?parent=51633"}],"wp:term":[{"taxonomy":"category","embeddable":true,"href":"https:\/\/radiowebmx.com\/nota\/wp-json\/wp\/v2\/categories?post=51633"},{"taxonomy":"post_tag","embeddable":true,"href":"https:\/\/radiowebmx.com\/nota\/wp-json\/wp\/v2\/tags?post=51633"}],"curies":[{"name":"wp","href":"https:\/\/api.w.org\/{rel}","templated":true}]}}