{"id":51611,"date":"2018-03-21T19:43:59","date_gmt":"2018-03-22T01:43:59","guid":{"rendered":"https:\/\/radiowebmx.com\/nota\/?p=51611"},"modified":"2018-03-22T11:13:22","modified_gmt":"2018-03-22T17:13:22","slug":"invita-cjim-al-foro-la-esencia-del-8-de-marzo","status":"publish","type":"post","link":"https:\/\/radiowebmx.com\/nota\/invita-cjim-al-foro-la-esencia-del-8-de-marzo\/","title":{"rendered":"Invita CJIM al foro \u201cLa esencia del 8 de marzo\u201d"},"content":{"rendered":"<p><img loading=\"lazy\" decoding=\"async\" class=\"\" src=\"https:\/\/gallery.mailchimp.com\/c3679d81029880892ab85d106\/images\/cc8d7ea3-c2d6-4861-af98-8b75bd397948.jpeg\" width=\"400\" height=\"266\" \/><\/p>\n<ul>\n<li><strong>Promover la reflexi\u00f3n en torno al verdadero sentido de conmemorar el D\u00eda Internacional de la Mujer, objetivo del evento que se llevar\u00e1 a cabo ma\u00f1ana a las 11:00 horas en las instalaciones de la dependencia, detalla su titular, Janet Mart\u00ednez Mondrag\u00f3n.<\/strong><\/li>\n<\/ul>\n<p><strong>Morelia, Michoac\u00e1n, a 21 de marzo de 2018.-<\/strong>\u00a0Con el objetivo de promover la reflexi\u00f3n respecto al D\u00eda Internacional de la Mujer, los logros, avances, limitaciones, obst\u00e1culos y propuestas en torno al verdadero sentido de conmemorar esta fecha, el Centro de Justicia Integral para las Mujeres (CJIM) llevar\u00e1 a cabo ma\u00f1ana el foro \u201cLa esencia del 8 de marzo\u201d.<\/p>\n<p>La directora general del CJIM, Janet Mart\u00ednez Mondrag\u00f3n, detall\u00f3 que el foro contar\u00e1 con una mesa de discusi\u00f3n de cinco panelistas con perspectivas multidisciplinarias, cuyas aportaciones abonar\u00e1n a profundizar sobre el D\u00eda Internacional de la Mujer.<\/p>\n<p>La mesa de discusi\u00f3n ser\u00e1 moderada por la periodista, conductora y activista Adriana Mier y Ter\u00e1n; adem\u00e1s, se abrir\u00e1 un espacio para las participaciones de las y los asistentes y, finalmente, se presentar\u00e1n las conclusiones de los panelistas.<\/p>\n<p>Mart\u00ednez Mondrag\u00f3n record\u00f3 que, a trav\u00e9s del CJIM, la Procuradur\u00eda General de Justicia del Estado otorga servicios multidisciplinarios interinstitucionales, integrales y especializados a mujeres v\u00edctimas de violencia de g\u00e9nero y, en su caso, a sus hijas e hijos menores de edad, contribuyendo as\u00ed en su acceso a la justicia y a una vida libre de violencia.<\/p>\n<p>El foro se llevar\u00e1 a cabo a las 11:00 horas en el Sal\u00f3n de Usos M\u00faltiples del CJIM, ubicado en Perif\u00e9rico Paseo de la Republica n\u00famero 6040, colonia Ex Ejido Emiliano Zapata. Para m\u00e1s informes, las y los interesados en asistir pueden llamar al n\u00famero telef\u00f3nico 44 32 99 81 44.<\/p>\n","protected":false},"excerpt":{"rendered":"<p>Promover la reflexi\u00f3n en torno al verdadero sentido de conmemorar el D\u00eda Internacional de la Mujer, objetivo del evento que se llevar\u00e1 a cabo ma\u00f1ana a las 11:00 horas en las instalaciones de la dependencia, detalla su titular, Janet Mart\u00ednez Mondrag\u00f3n. Morelia, Michoac\u00e1n, a 21 de marzo de 2018.-\u00a0Con el objetivo de promover la reflexi\u00f3n [&hellip;]<\/p>\n","protected":false},"author":2,"featured_media":51612,"comment_status":"closed","ping_status":"closed","sticky":false,"template":"","format":"standard","meta":{"footnotes":""},"categories":[14,3,60],"tags":[],"class_list":["post-51611","post","type-post","status-publish","format-standard","has-post-thumbnail","hentry","category-destacadas","category-gobierno-del-estado-de-michoacan","category-michoacan"],"_links":{"self":[{"href":"https:\/\/radiowebmx.com\/nota\/wp-json\/wp\/v2\/posts\/51611","targetHints":{"allow":["GET"]}}],"collection":[{"href":"https:\/\/radiowebmx.com\/nota\/wp-json\/wp\/v2\/posts"}],"about":[{"href":"https:\/\/radiowebmx.com\/nota\/wp-json\/wp\/v2\/types\/post"}],"author":[{"embeddable":true,"href":"https:\/\/radiowebmx.com\/nota\/wp-json\/wp\/v2\/users\/2"}],"replies":[{"embeddable":true,"href":"https:\/\/radiowebmx.com\/nota\/wp-json\/wp\/v2\/comments?post=51611"}],"version-history":[{"count":1,"href":"https:\/\/radiowebmx.com\/nota\/wp-json\/wp\/v2\/posts\/51611\/revisions"}],"predecessor-version":[{"id":51613,"href":"https:\/\/radiowebmx.com\/nota\/wp-json\/wp\/v2\/posts\/51611\/revisions\/51613"}],"wp:featuredmedia":[{"embeddable":true,"href":"https:\/\/radiowebmx.com\/nota\/wp-json\/wp\/v2\/media\/51612"}],"wp:attachment":[{"href":"https:\/\/radiowebmx.com\/nota\/wp-json\/wp\/v2\/media?parent=51611"}],"wp:term":[{"taxonomy":"category","embeddable":true,"href":"https:\/\/radiowebmx.com\/nota\/wp-json\/wp\/v2\/categories?post=51611"},{"taxonomy":"post_tag","embeddable":true,"href":"https:\/\/radiowebmx.com\/nota\/wp-json\/wp\/v2\/tags?post=51611"}],"curies":[{"name":"wp","href":"https:\/\/api.w.org\/{rel}","templated":true}]}}