{"id":5129,"date":"2014-01-15T12:12:45","date_gmt":"2014-01-15T18:12:45","guid":{"rendered":"https:\/\/radiowebmx.com\/nota\/?p=5129"},"modified":"2014-01-15T12:12:45","modified_gmt":"2014-01-15T18:12:45","slug":"reactivar-la-economia-de-apatzingan-de-manera-inmediata-fausto-vallejo","status":"publish","type":"post","link":"https:\/\/radiowebmx.com\/nota\/reactivar-la-economia-de-apatzingan-de-manera-inmediata-fausto-vallejo\/","title":{"rendered":"REACTIVAR LA ECONOM\u00cdA DE APATZING\u00c1N DE MANERA INMEDIATA: FAUSTO VALLEJO"},"content":{"rendered":"<p><a href=\"https:\/\/radiowebmx.com\/nota\/wp-content\/uploads\/2014\/01\/APATZING\u00c1N-1.jpg\"><img loading=\"lazy\" decoding=\"async\" class=\"alignleft size-full wp-image-5130\" alt=\"APATZING\u00c1N (1)\" src=\"https:\/\/radiowebmx.com\/nota\/wp-content\/uploads\/2014\/01\/APATZING\u00c1N-1.jpg\" width=\"591\" height=\"285\" \/><\/a>Reactivar de manera inmediata la econom\u00eda de este municipio es una de las tareas esenciales que habremos de seguir como parte de las acciones\u00a0enmarcadas dentro de la estrategia de apoyo a la Tierra Caliente de Michoac\u00e1n, comprometi\u00f3 el gobernador Fausto Vallejo Figueroa, en el marco de su estancia en esta demarcaci\u00f3n, a donde acudi\u00f3 a despachar como comprometi\u00f3 de manera recurrente.<\/p>\n<p>Como parte del compromiso asumido por su gobierno, de trabajar de cerca con los municipios y tal como lo mencion\u00f3 en la firma del Acuerdo para el Apoyo Federal a la Seguridad de Michoac\u00e1n, el mandatario estatal Fausto Vallejo Figueroa acudi\u00f3 esta tarde al coraz\u00f3n de la Tierra Caliente del estado, para revisar y puntualizar las acciones que habr\u00e1n de emprenderse entre los tres \u00f3rdenes de gobierno, para recuperar la tranquilidad y la actividad socioecon\u00f3mica en esta regi\u00f3n de la entidad.<\/p>\n<p>En reuni\u00f3n con el edil Uriel Ch\u00e1vez Mendoza, el jefe del Ejecutivo estatal dijo que los apatzinguenses y los michoacanos en general, requieren oportunidades de crecimiento en todos los \u00e1mbitos, por lo que comprometi\u00f3 que el Gobierno del Estado aportar\u00e1 de manera inmediata un mill\u00f3n de pesos a este municipio del Programa de Obra Convenida 2014, lo que sin duda se traducir\u00e1 en fuentes de trabajo y se llevar\u00e1 adem\u00e1s a esta regi\u00f3n el Programa de Empleo Temporal.<\/p>\n<p>Asimismo, el mandatario michoacano gir\u00f3 instrucciones para que, lo antes posible, se destinen un mill\u00f3n de pesos para apoyar a los micro y peque\u00f1os negocios.<\/p>\n<p>Mencion\u00f3 que ha instruido a Manuel Ant\u00fanez \u00c1lvarez, titular de la Secretar\u00eda de Desarrollo Econ\u00f3mico, para que a la brevedad acuda a Apatzing\u00e1n y establezca los mecanismos necesarios para el prop\u00f3sito de coadyuvar con los micro y peque\u00f1os empresarios en el impulso a la econom\u00eda.<\/p>\n<p>De igual manera se\u00f1al\u00f3 que ha solicitado a la delegaci\u00f3n de la Secretar\u00eda de Econom\u00eda en el estado, a cargo de Nancy C\u00e1rdenas Meza, la implementaci\u00f3n de una din\u00e1mica de apoyo a peque\u00f1os comerciantes.<\/p>\n<p>En reuni\u00f3n sostenida en Palacio Municipal de Apatzing\u00e1n, el gobernador tambi\u00e9n estableci\u00f3 el compromiso de dotar a la poblaci\u00f3n de un cami\u00f3n de bomberos y de una ambulancia para atender emergencias, al tiempo que hizo un recorrido por el recinto edilicio para verificar los da\u00f1os a ra\u00edz de los ataques cometidos a este edificio en d\u00edas pasados.<\/p>\n<p>Tambi\u00e9n, record\u00f3 que uno de sus compromisos con Apatzing\u00e1n es la construcci\u00f3n de un nuevo Hospital Regional, con miras al festejo por el Bicentenario de la Constituci\u00f3n de 1814, para lo cual tiene programada la gesti\u00f3n de 80 millones de pesos, con mezcla de recurso federal y estatal.<\/p>\n<p>En esta reuni\u00f3n en la que escuch\u00f3 inquietudes de la autoridad municipal, estuvieron presentes, el secretario del Ayuntamiento, Eloy Vel\u00e1squez L\u00f3pez; la s\u00edndico, Julia Lilia Ceja Canela; la tesorera, Jaqueline L\u00f3pez C\u00e1rdenas y la directora de Desarrollo Econ\u00f3mico, Eloisa Parra Rom\u00e1n.<\/p>\n","protected":false},"excerpt":{"rendered":"<p>Reactivar de manera inmediata la econom\u00eda de este municipio es una de las tareas esenciales que habremos de seguir como parte de las acciones enmarcadas dentro de la estrategia de apoyo a la Tierra Caliente de Michoac\u00e1n, <\/p>\n","protected":false},"author":1,"featured_media":0,"comment_status":"open","ping_status":"open","sticky":false,"template":"","format":"standard","meta":{"footnotes":""},"categories":[14,3],"tags":[],"class_list":["post-5129","post","type-post","status-publish","format-standard","hentry","category-destacadas","category-gobierno-del-estado-de-michoacan"],"_links":{"self":[{"href":"https:\/\/radiowebmx.com\/nota\/wp-json\/wp\/v2\/posts\/5129","targetHints":{"allow":["GET"]}}],"collection":[{"href":"https:\/\/radiowebmx.com\/nota\/wp-json\/wp\/v2\/posts"}],"about":[{"href":"https:\/\/radiowebmx.com\/nota\/wp-json\/wp\/v2\/types\/post"}],"author":[{"embeddable":true,"href":"https:\/\/radiowebmx.com\/nota\/wp-json\/wp\/v2\/users\/1"}],"replies":[{"embeddable":true,"href":"https:\/\/radiowebmx.com\/nota\/wp-json\/wp\/v2\/comments?post=5129"}],"version-history":[{"count":1,"href":"https:\/\/radiowebmx.com\/nota\/wp-json\/wp\/v2\/posts\/5129\/revisions"}],"predecessor-version":[{"id":5131,"href":"https:\/\/radiowebmx.com\/nota\/wp-json\/wp\/v2\/posts\/5129\/revisions\/5131"}],"wp:attachment":[{"href":"https:\/\/radiowebmx.com\/nota\/wp-json\/wp\/v2\/media?parent=5129"}],"wp:term":[{"taxonomy":"category","embeddable":true,"href":"https:\/\/radiowebmx.com\/nota\/wp-json\/wp\/v2\/categories?post=5129"},{"taxonomy":"post_tag","embeddable":true,"href":"https:\/\/radiowebmx.com\/nota\/wp-json\/wp\/v2\/tags?post=5129"}],"curies":[{"name":"wp","href":"https:\/\/api.w.org\/{rel}","templated":true}]}}