{"id":51240,"date":"2018-03-09T12:20:52","date_gmt":"2018-03-09T18:20:52","guid":{"rendered":"https:\/\/radiowebmx.com\/nota\/?p=51240"},"modified":"2018-03-12T12:41:32","modified_gmt":"2018-03-12T18:41:32","slug":"llama-rosy-de-la-torre-a-inculcar-en-las-nuevas-generaciones-el-respeto-a-los-animales","status":"publish","type":"post","link":"https:\/\/radiowebmx.com\/nota\/llama-rosy-de-la-torre-a-inculcar-en-las-nuevas-generaciones-el-respeto-a-los-animales\/","title":{"rendered":"Llama Rosy de la Torre a inculcar en las nuevas generaciones el respeto a los animales"},"content":{"rendered":"<ul>\n<li class=\"x_gmail-xydp7f0a2cbeyiv0175827742m-1321023788950253280gmail-msonospacing\"><strong>La diputada pri\u00edsta exhort\u00f3 al jefe del Ejecutivo a mejorar las condiciones de vida de la osa Yupik<\/strong><\/li>\n<\/ul>\n<p class=\"x_gmail-xm946165032539952813gmail-msonospacing\">\n<p class=\"x_gmail-xm946165032539952813gmail-msonospacing\"><b>Morelia, Michoac\u00e1n., a 09 de marzo de 2018.-<\/b><span class=\"x_gmail-apple-converted-space\">\u00a0<\/span>Es importante educar a las nuevas generaciones dejando de crear la falsa idea de que un zool\u00f3gico es educativo. \u00bfQu\u00e9 tiene de educativo un lugar donde un oso polar debe tolerar temperaturas que superan los 30 grados? Debemos empezar a educar para un futuro mejor, que las nuevas generaciones aprendan que el respeto no s\u00f3lo debe ser hacia sus pares humanos, deben entender que los animales no humanos, al igual que nosotros, gozan de un derecho a la libertad, a una vida digna.<\/p>\n<p class=\"x_gmail-xydp7f0a2cbeyiv0175827742m-1321023788950253280gmail-msonospacing\">Lo anterior lo afirm\u00f3 la diputada pri\u00edsta Rosa Mar\u00eda de la Torre Torres, quien hizo un llamado al gobernador del Estado para que respete los compromisos adquiridos con el Servicio de Pesca y Vida Silvestre del Departamento de Interior de los Estados Unidos de Am\u00e9rica para mejorar las condiciones de vida de la osa polar Yupik, as\u00ed como de los dem\u00e1s animales de los que son responsables.<span class=\"x_gmail-apple-converted-space\">\u00a0<\/span><\/p>\n<p class=\"x_gmail-xydp7f0a2cbeyiv0175827742m-1321023788950253280gmail-msonospacing\">La legisladora record\u00f3 que de acuerdo con la carta de autorizaci\u00f3n de fecha 7 de mayo de 1992, firmada por el Servicio de Pesca y Vida Silvestre del Departamento de Interior de los Estados Unidos de Am\u00e9rica, Yupik forma parte del Patrimonio del Estado s\u00f3lo en calidad de pr\u00e9stamo permanente, siempre y cuando se cumpla con los t\u00e9rminos y condiciones signados, que tienen que ver con que Yupik cuente con un acompa\u00f1amiento de personal veterinario calificado.<span class=\"x_gmail-apple-converted-space\">\u00a0<\/span><\/p>\n<p class=\"x_gmail-xydp7f0a2cbeyiv0175827742m-1321023788950253280gmail-msonospacing\">Esto \u00faltimo ha sido una de las causas principales para el estado de deterioro f\u00edsico y mental de la osa, ya que no se cuenta con personal veterinario especializado en grandes especies y muchos menos con especialistas en osos polares. Por lo que la osa presenta un importante deterioro en su salud.<span class=\"x_gmail-apple-converted-space\">\u00a0<\/span><\/p>\n<p class=\"x_gmail-xydp7f0a2cbeyiv0175827742m-1321023788950253280gmail-msonospacing\">De la Torre Torres mencion\u00f3 que los esfuerzos por mejorar las condiciones de vida de Yupik a trav\u00e9s de un traslado a recinto en el extranjero, no son nuevos, ya que desde hace 7 a\u00f1os la organizaci\u00f3n Zoo-Check ha trabajado en esta causa.<span class=\"x_gmail-apple-converted-space\">\u00a0<\/span><\/p>\n<p class=\"x_gmail-xydp7f0a2cbeyiv0175827742m-1321023788950253280gmail-msonospacing\">\u201cLamentablemente la justificaci\u00f3n de las administraciones estatales ha sido que si Yupik se va se quedar\u00edan sin la principal atracci\u00f3n del zool\u00f3gico de Morelia. Es decir, temen que con la partida de Yupik la recaudaci\u00f3n de las entradas baje. Y a su vez, temen que su partida siente un precedente para el rescate de las distintas especies que alberga\u201d, afirm\u00f3.<\/p>\n","protected":false},"excerpt":{"rendered":"<p>La diputada pri\u00edsta exhort\u00f3 al jefe del Ejecutivo a mejorar las condiciones de vida de la osa Yupik Morelia, Michoac\u00e1n., a 09 de marzo de 2018.-\u00a0Es importante educar a las nuevas generaciones dejando de crear la falsa idea de que un zool\u00f3gico es educativo. \u00bfQu\u00e9 tiene de educativo un lugar donde un oso polar debe [&hellip;]<\/p>\n","protected":false},"author":2,"featured_media":51241,"comment_status":"closed","ping_status":"closed","sticky":false,"template":"","format":"standard","meta":{"footnotes":""},"categories":[6,14],"tags":[],"class_list":["post-51240","post","type-post","status-publish","format-standard","has-post-thumbnail","hentry","category-congreso-del-estado","category-destacadas"],"_links":{"self":[{"href":"https:\/\/radiowebmx.com\/nota\/wp-json\/wp\/v2\/posts\/51240","targetHints":{"allow":["GET"]}}],"collection":[{"href":"https:\/\/radiowebmx.com\/nota\/wp-json\/wp\/v2\/posts"}],"about":[{"href":"https:\/\/radiowebmx.com\/nota\/wp-json\/wp\/v2\/types\/post"}],"author":[{"embeddable":true,"href":"https:\/\/radiowebmx.com\/nota\/wp-json\/wp\/v2\/users\/2"}],"replies":[{"embeddable":true,"href":"https:\/\/radiowebmx.com\/nota\/wp-json\/wp\/v2\/comments?post=51240"}],"version-history":[{"count":1,"href":"https:\/\/radiowebmx.com\/nota\/wp-json\/wp\/v2\/posts\/51240\/revisions"}],"predecessor-version":[{"id":51242,"href":"https:\/\/radiowebmx.com\/nota\/wp-json\/wp\/v2\/posts\/51240\/revisions\/51242"}],"wp:featuredmedia":[{"embeddable":true,"href":"https:\/\/radiowebmx.com\/nota\/wp-json\/wp\/v2\/media\/51241"}],"wp:attachment":[{"href":"https:\/\/radiowebmx.com\/nota\/wp-json\/wp\/v2\/media?parent=51240"}],"wp:term":[{"taxonomy":"category","embeddable":true,"href":"https:\/\/radiowebmx.com\/nota\/wp-json\/wp\/v2\/categories?post=51240"},{"taxonomy":"post_tag","embeddable":true,"href":"https:\/\/radiowebmx.com\/nota\/wp-json\/wp\/v2\/tags?post=51240"}],"curies":[{"name":"wp","href":"https:\/\/api.w.org\/{rel}","templated":true}]}}