{"id":51195,"date":"2018-03-09T09:00:40","date_gmt":"2018-03-09T15:00:40","guid":{"rendered":"https:\/\/radiowebmx.com\/nota\/?p=51195"},"modified":"2018-03-09T09:00:40","modified_gmt":"2018-03-09T15:00:40","slug":"sesgado-e-impreciso-decir-que-morelia-no-ha-gestionado-recursos-en-seguridad-plaza-urbina","status":"publish","type":"post","link":"https:\/\/radiowebmx.com\/nota\/sesgado-e-impreciso-decir-que-morelia-no-ha-gestionado-recursos-en-seguridad-plaza-urbina\/","title":{"rendered":"Sesgado e impreciso, decir que Morelia no ha gestionado recursos en seguridad: Plaza Urbina"},"content":{"rendered":"<p>El Secretario de Efectividad e Innovaci\u00f3n Gubernamental, Antonio Plaza Urbina, consider\u00f3 sesgada e imprecisa la aseveraci\u00f3n del Coordinador de los Diputados Federales del Partido Acci\u00f3n Nacional (PAN), Marko Antonio Cort\u00e9s Mendoza, de que la Administraci\u00f3n Municipal de Morelia no se interesa en hacer las gestiones necesarias para obtener recursos para la seguridad, la cual a su vez consider\u00f3 como una acusaci\u00f3n con claros tintes pol\u00edticos y electorales.<\/p>\n<p><a href=\"https:\/\/radiowebmx.com\/nota\/wp-content\/uploads\/2018\/03\/7227d023-aa2d-4b5c-982f-de5f23bb8528.jpg\"><img loading=\"lazy\" decoding=\"async\" class=\"alignnone size-medium wp-image-51196\" src=\"https:\/\/radiowebmx.com\/nota\/wp-content\/uploads\/2018\/03\/7227d023-aa2d-4b5c-982f-de5f23bb8528-595x397.jpg\" alt=\"\" width=\"595\" height=\"397\" srcset=\"https:\/\/radiowebmx.com\/nota\/wp-content\/uploads\/2018\/03\/7227d023-aa2d-4b5c-982f-de5f23bb8528-595x397.jpg 595w, https:\/\/radiowebmx.com\/nota\/wp-content\/uploads\/2018\/03\/7227d023-aa2d-4b5c-982f-de5f23bb8528-768x512.jpg 768w, https:\/\/radiowebmx.com\/nota\/wp-content\/uploads\/2018\/03\/7227d023-aa2d-4b5c-982f-de5f23bb8528-960x640.jpg 960w, https:\/\/radiowebmx.com\/nota\/wp-content\/uploads\/2018\/03\/7227d023-aa2d-4b5c-982f-de5f23bb8528-272x182.jpg 272w, https:\/\/radiowebmx.com\/nota\/wp-content\/uploads\/2018\/03\/7227d023-aa2d-4b5c-982f-de5f23bb8528.jpg 1440w\" sizes=\"auto, (max-width: 595px) 100vw, 595px\" \/><\/a><\/p>\n<p>Por otra parte y despu\u00e9s de que el Legislador se\u00f1al\u00f3 de forma incorrecta que la Administraci\u00f3n Municipal no ha gestionado recursos en esta materia, el Comisionado Municipal para la Seguridad, Bernardo Le\u00f3n Olea, precis\u00f3 que en Morelia se han hecho los procesos necesarios para acceder a importantes recursos, lo cual se refleja en la llegada de 60 millones de pesos este a\u00f1o del Programa de Fortalecimiento para la Seguridad (FORTASEG).<\/p>\n<p>Detall\u00f3 que Morelia fue, con una gran diferencia, el municipio de Michoac\u00e1n con m\u00e1s recursos obtenidos por esta v\u00eda, ya que el que m\u00e1s se acerc\u00f3 fue Uruapan con un percibimiento de aproximadamente 13 millones de pesos.<\/p>\n<p>Sin embargo, Plaza Urbina coment\u00f3 que este tipo de logros alcanzados por la actual Administraci\u00f3n Municipal no ser\u00e1n reconocidos por actores pol\u00edticos, ya que no benefician a sus intereses particulares.<\/p>\n<p>El Diputado Marko Cort\u00e9s tambi\u00e9n dijo que la \u00fanica petici\u00f3n de recursos hecha por la Administraci\u00f3n Municipal de Morelia fue para la modernizaci\u00f3n del Boulevard Garc\u00eda de Le\u00f3n, ante lo cual Plaza Urbina record\u00f3 que, por c\u00e1lculos pol\u00edticos del Partido Acci\u00f3n Nacional, los recursos para esta obra disminuyeron en un 80 por ciento.<\/p>\n<p>Asimismo expres\u00f3 que, si bien la situaci\u00f3n de seguridad en Morelia no est\u00e1 resulta, se han dado pasos importantes en esta materia, a trav\u00e9s del esfuerzo de la Administraci\u00f3n Municipal de regresar la Polic\u00eda a los morelianos, fomentar la cultura de la denuncia e impulsar un modelo de justicia c\u00edvica que es un modelo a nivel nacional.<\/p>\n<p>No obstante, Plaza Urbina detect\u00f3 que las cifras de las instancias oficiales han sido usadas de manera ventajosa y exacerbada por actores pol\u00edticos que buscan un beneficio electoral ya que, subray\u00f3, si realmente tuvieran la voluntad de trabajar por Morelia, encontrar\u00edan la manera de hacerlo en vez de dedicar su tiempo s\u00f3lo a criticar.<\/p>\n<p>En ese sentido, subray\u00f3 que le parece sospechoso que los actores que se han expresado en este tema, no han mencionado logros de la actual Administraci\u00f3n como: el aumento de polic\u00edas, los reconocimientos de expertos, la creaci\u00f3n de tres Centros de Atenci\u00f3n a V\u00edctimas (CAV), la aprobaci\u00f3n de los ex\u00e1menes de control y confianza del 100 por ciento de los elementos municipales, ni la pr\u00f3xima creaci\u00f3n de un Albergue para Mujeres Violentadas.<\/p>\n<p>De esta forma, Plaza Urbina volvi\u00f3 a hacer un llamado a los actores pol\u00edticos para que hagan una revisi\u00f3n completa de la informaci\u00f3n existente en materia de seguridad, as\u00ed como reiter\u00f3 su invitaci\u00f3n para que dejen los intereses pol\u00edticos a un lado y se pongan a trabajar en favor de Morelia.<\/p>\n","protected":false},"excerpt":{"rendered":"<p>El Secretario de Efectividad e Innovaci\u00f3n Gubernamental, Antonio Plaza Urbina, consider\u00f3 sesgada e imprecisa la aseveraci\u00f3n del Coordinador de los Diputados Federales del Partido Acci\u00f3n Nacional (PAN), Marko Antonio Cort\u00e9s Mendoza, de que la Administraci\u00f3n Municipal de Morelia no se interesa en hacer las gestiones necesarias para obtener recursos para la seguridad, la cual a [&hellip;]<\/p>\n","protected":false},"author":2,"featured_media":51196,"comment_status":"closed","ping_status":"closed","sticky":false,"template":"","format":"standard","meta":{"footnotes":""},"categories":[14,9],"tags":[],"class_list":["post-51195","post","type-post","status-publish","format-standard","has-post-thumbnail","hentry","category-destacadas","category-morelia"],"_links":{"self":[{"href":"https:\/\/radiowebmx.com\/nota\/wp-json\/wp\/v2\/posts\/51195","targetHints":{"allow":["GET"]}}],"collection":[{"href":"https:\/\/radiowebmx.com\/nota\/wp-json\/wp\/v2\/posts"}],"about":[{"href":"https:\/\/radiowebmx.com\/nota\/wp-json\/wp\/v2\/types\/post"}],"author":[{"embeddable":true,"href":"https:\/\/radiowebmx.com\/nota\/wp-json\/wp\/v2\/users\/2"}],"replies":[{"embeddable":true,"href":"https:\/\/radiowebmx.com\/nota\/wp-json\/wp\/v2\/comments?post=51195"}],"version-history":[{"count":1,"href":"https:\/\/radiowebmx.com\/nota\/wp-json\/wp\/v2\/posts\/51195\/revisions"}],"predecessor-version":[{"id":51197,"href":"https:\/\/radiowebmx.com\/nota\/wp-json\/wp\/v2\/posts\/51195\/revisions\/51197"}],"wp:featuredmedia":[{"embeddable":true,"href":"https:\/\/radiowebmx.com\/nota\/wp-json\/wp\/v2\/media\/51196"}],"wp:attachment":[{"href":"https:\/\/radiowebmx.com\/nota\/wp-json\/wp\/v2\/media?parent=51195"}],"wp:term":[{"taxonomy":"category","embeddable":true,"href":"https:\/\/radiowebmx.com\/nota\/wp-json\/wp\/v2\/categories?post=51195"},{"taxonomy":"post_tag","embeddable":true,"href":"https:\/\/radiowebmx.com\/nota\/wp-json\/wp\/v2\/tags?post=51195"}],"curies":[{"name":"wp","href":"https:\/\/api.w.org\/{rel}","templated":true}]}}