{"id":51192,"date":"2018-03-09T08:58:10","date_gmt":"2018-03-09T14:58:10","guid":{"rendered":"https:\/\/radiowebmx.com\/nota\/?p=51192"},"modified":"2018-03-09T08:58:10","modified_gmt":"2018-03-09T14:58:10","slug":"en-morelia-se-trabajan-los-365-dias-del-ano-por-la-igualdad-de-las-mujeres-alfonso-martinez","status":"publish","type":"post","link":"https:\/\/radiowebmx.com\/nota\/en-morelia-se-trabajan-los-365-dias-del-ano-por-la-igualdad-de-las-mujeres-alfonso-martinez\/","title":{"rendered":"En Morelia, se trabajan los 365 d\u00edas del a\u00f1o por la igualdad de las mujeres: Alfonso Mart\u00ednez"},"content":{"rendered":"<p>M\u00e1s all\u00e1 de los discursos, el Ayuntamiento de Morelia trabaja de manera transversal los 365 d\u00edas del a\u00f1o, en la construcci\u00f3n de un municipio que \u201ctranspire equidad de g\u00e9nero\u201d y brinde igualdad de oportunidades para mujeres y hombres, afirm\u00f3 el Presidente Municipal, Alfonso Mart\u00ednez Alc\u00e1zar, durante el Evento Municipal Conmemorativo del D\u00eda Internacional de la Mujer.<\/p>\n<p><a href=\"https:\/\/radiowebmx.com\/nota\/wp-content\/uploads\/2018\/03\/0bf5c582-cc71-4414-9e73-e422217bd86d.jpeg\"><img loading=\"lazy\" decoding=\"async\" class=\"alignnone  wp-image-51193\" src=\"https:\/\/radiowebmx.com\/nota\/wp-content\/uploads\/2018\/03\/0bf5c582-cc71-4414-9e73-e422217bd86d-595x396.jpeg\" alt=\"\" width=\"400\" height=\"266\" srcset=\"https:\/\/radiowebmx.com\/nota\/wp-content\/uploads\/2018\/03\/0bf5c582-cc71-4414-9e73-e422217bd86d-595x396.jpeg 595w, https:\/\/radiowebmx.com\/nota\/wp-content\/uploads\/2018\/03\/0bf5c582-cc71-4414-9e73-e422217bd86d-768x511.jpeg 768w, https:\/\/radiowebmx.com\/nota\/wp-content\/uploads\/2018\/03\/0bf5c582-cc71-4414-9e73-e422217bd86d-960x639.jpeg 960w, https:\/\/radiowebmx.com\/nota\/wp-content\/uploads\/2018\/03\/0bf5c582-cc71-4414-9e73-e422217bd86d-272x182.jpeg 272w, https:\/\/radiowebmx.com\/nota\/wp-content\/uploads\/2018\/03\/0bf5c582-cc71-4414-9e73-e422217bd86d.jpeg 1280w\" sizes=\"auto, (max-width: 400px) 100vw, 400px\" \/><\/a><\/p>\n<p>\u201cExiste una confusi\u00f3n respecto a esta fecha, pues m\u00e1s que festejar se tiene que recordar la lucha que han emprendido durante muchos a\u00f1os las mujeres para poder participar y demostrar que tienen las mismas capacidades que los hombres. Y la lucha no es por ver si son mejores que los hombres, la lucha es por decir que somos iguales y por tanto, que necesitan que se les d\u00e9 las mismas oportunidades y eso es lo que buscamos en esta Administraci\u00f3n\u201d, manifest\u00f3 el Alcalde Moreliano.<\/p>\n<p>En el marco del evento llevado a cabo en la explanada del Auditorio Universitario \u201cDoctor Samuel Ramos\u201d, el Presidente Municipal indic\u00f3 que si bien han existido avances en la materia, tambi\u00e9n falta mucho por hacer para que las mujeres gocen del mismo respeto, apoyo, respaldo y oportunidades que los hombres.<\/p>\n<p>Derivado de lo anterior, subray\u00f3 que en este Gobierno Municipal \u201cno s\u00f3lo creemos en los derechos de las mujeres, sino los impulsamos, los alentamos y queremos hacer que cada vez sean m\u00e1s reconocidos\u201d, muestra de ello, a\u00f1adi\u00f3, es que hoy el municipio cuenta con tres Centros de Atenci\u00f3n a la Mujer, tanto en el Instituto de la Mujer Moreliana (IMUMO), como en el Fraccionamiento Villas del Pedregal y la Tenencia Morelos.<\/p>\n<p>Asimismo, Alfonso Mart\u00ednez reiter\u00f3 que mediante el Programa para Fortalecimiento de la Seguridad (FORTASEG), se destinar\u00e1n 10 millones para la construcci\u00f3n de un Albergue de Mujeres Violentadas en la Capital del Estado, al ser uno de los principales fen\u00f3menos que contin\u00faa afectando al grueso del sector femenino.<\/p>\n<p>\u201cSi bien hoy es el d\u00eda de los discursos, todos los\u00a0d\u00edas son los d\u00edas de los hechos, para que los discursos que se dicen en esta fecha se lleven a cabo\u201d, a\u00f1adi\u00f3 el Presidente Municipal ante la presencia de la Alcaldesa de Santa Ana Maya, Mar\u00eda de Jes\u00fas L\u00f3pez Parra; la Directora General del IMUMO, Mar\u00eda Eugenia Romero Olvera; as\u00ed como el Director de Secundaria del Instituto Kipling, Benjam\u00edn Torres Millares.<\/p>\n<p>Por su parte, la titular del IMUMO remarc\u00f3 que para la presente Gesti\u00f3n Municipal, la equidad de g\u00e9nero es una pol\u00edtica transversal que apuesta por fomentar las condiciones igualitarias para mujeres y hombres, as\u00ed como una participaci\u00f3n m\u00e1s equitativa en la sociedad en todos los \u00e1mbitos.<\/p>\n<p>Al hacer uso de la voz, Benjam\u00edn Torres quien tambi\u00e9n funge como coordinador en Morelia de la campa\u00f1a \u201cHe for She\u201d, destac\u00f3 el apoyo irrestricto de esta Administraci\u00f3n para impulsar este programa y consolidar un municipio con igualdad de oportunidades.<\/p>\n<p>\u201cEn el mundo, m\u00e1s de mil millones de mujeres carecen de protecci\u00f3n jur\u00eddica frete a la violencia sexual en el hogar, la desigualdad salarial por cuesti\u00f3n de g\u00e9nero es el 23 por ciento y alcanza el 40 por ciento en las zonas rurales, la representaci\u00f3n media de la mujer en los parlamentos a nivel internacional sigue siendo inferior a los hombres en una cuarta parte, por ello trabajamos con el Ayuntamiento para hacer frente a estas desigualdades\u201d, detall\u00f3 el coordinador.<\/p>\n<p>Es de se\u00f1alar que posteriormente, el Alcalde Alfonso Mart\u00ednez dio un recorrido por los 50 stands de venta de productos hechos por mujeres morelianas que formaban parte del tradicional bazar del evento, en el cual tambi\u00e9n se brind\u00f3 asesor\u00eda jur\u00eddica, psicol\u00f3gica y m\u00e9dica mediante el DIF Municipal y la Polic\u00eda de Morelia.<\/p>\n","protected":false},"excerpt":{"rendered":"<p>M\u00e1s all\u00e1 de los discursos, el Ayuntamiento de Morelia trabaja de manera transversal los 365 d\u00edas del a\u00f1o, en la construcci\u00f3n de un municipio que \u201ctranspire equidad de g\u00e9nero\u201d y brinde igualdad de oportunidades para mujeres y hombres, afirm\u00f3 el Presidente Municipal, Alfonso Mart\u00ednez Alc\u00e1zar, durante el Evento Municipal Conmemorativo del D\u00eda Internacional de la [&hellip;]<\/p>\n","protected":false},"author":2,"featured_media":51193,"comment_status":"closed","ping_status":"closed","sticky":false,"template":"","format":"standard","meta":{"footnotes":""},"categories":[14,9],"tags":[],"class_list":["post-51192","post","type-post","status-publish","format-standard","has-post-thumbnail","hentry","category-destacadas","category-morelia"],"_links":{"self":[{"href":"https:\/\/radiowebmx.com\/nota\/wp-json\/wp\/v2\/posts\/51192","targetHints":{"allow":["GET"]}}],"collection":[{"href":"https:\/\/radiowebmx.com\/nota\/wp-json\/wp\/v2\/posts"}],"about":[{"href":"https:\/\/radiowebmx.com\/nota\/wp-json\/wp\/v2\/types\/post"}],"author":[{"embeddable":true,"href":"https:\/\/radiowebmx.com\/nota\/wp-json\/wp\/v2\/users\/2"}],"replies":[{"embeddable":true,"href":"https:\/\/radiowebmx.com\/nota\/wp-json\/wp\/v2\/comments?post=51192"}],"version-history":[{"count":1,"href":"https:\/\/radiowebmx.com\/nota\/wp-json\/wp\/v2\/posts\/51192\/revisions"}],"predecessor-version":[{"id":51194,"href":"https:\/\/radiowebmx.com\/nota\/wp-json\/wp\/v2\/posts\/51192\/revisions\/51194"}],"wp:featuredmedia":[{"embeddable":true,"href":"https:\/\/radiowebmx.com\/nota\/wp-json\/wp\/v2\/media\/51193"}],"wp:attachment":[{"href":"https:\/\/radiowebmx.com\/nota\/wp-json\/wp\/v2\/media?parent=51192"}],"wp:term":[{"taxonomy":"category","embeddable":true,"href":"https:\/\/radiowebmx.com\/nota\/wp-json\/wp\/v2\/categories?post=51192"},{"taxonomy":"post_tag","embeddable":true,"href":"https:\/\/radiowebmx.com\/nota\/wp-json\/wp\/v2\/tags?post=51192"}],"curies":[{"name":"wp","href":"https:\/\/api.w.org\/{rel}","templated":true}]}}