{"id":51188,"date":"2018-03-08T13:56:20","date_gmt":"2018-03-08T19:56:20","guid":{"rendered":"https:\/\/radiowebmx.com\/nota\/?p=51188"},"modified":"2018-03-08T13:56:20","modified_gmt":"2018-03-08T19:56:20","slug":"la-ley-de-bomberos-un-reconocimiento-a-su-labor-heroica-wilfrido-lazaro","status":"publish","type":"post","link":"https:\/\/radiowebmx.com\/nota\/la-ley-de-bomberos-un-reconocimiento-a-su-labor-heroica-wilfrido-lazaro\/","title":{"rendered":"La Ley de Bomberos, un reconocimiento a su labor heroica: Wilfrido L\u00e1zaro"},"content":{"rendered":"<p><img loading=\"lazy\" decoding=\"async\" class=\"\" src=\"https:\/\/attachment.outlook.office.net\/owa\/ultrapolitica@hotmail.com\/service.svc\/s\/GetAttachmentThumbnail?id=AQMkADAwATYwMAItODMyNi00ODU0LTAwAi0wMAoARgAAA5HawHgQuq9DrqMPu%2BRLC5sHANRV7lYdW%2FpNtd2j%2BEW2swoAAAIBDAAAANRV7lYdW%2FpNtd2j%2BEW2swoAAjVz0HAAAAABEgAQAKEWtkIoKlRJn6khdvAzB9A%3D&amp;thumbnailType=2&amp;X-OWA-CANARY=eMhENJxFDkS0RbBmMNMHTOAQ1kQuhdUY7oAQRXfwetfwyxmSVUpa3ZrNplyqZ7BgTRd3FHXm4f0.&amp;token=eyJ0eXAiOiJKV1QiLCJhbGciOiJSUzI1NiIsIng1dCI6ImVuaDlCSnJWUFU1aWpWMXFqWmpWLWZMMmJjbyJ9.eyJ2ZXIiOiJFeGNoYW5nZS5DYWxsYmFjay5WMSIsImFwcGN0eHNlbmRlciI6Ik93YURvd25sb2FkQDg0ZGY5ZTdmLWU5ZjYtNDBhZi1iNDM1LWFhYWFhYWFhYWFhYSIsImFwcGN0eCI6IntcIm1zZXhjaHByb3RcIjpcIm93YVwiLFwicHJpbWFyeXNpZFwiOlwiUy0xLTI4MjctMzkzMjE2LTIyMDAzMjQxODBcIixcInB1aWRcIjpcIjE2ODg4NTIwNjA1ODgxMTZcIixcIm9pZFwiOlwiMDAwNjAwMDAtODMyNi00ODU0LTAwMDAtMDAwMDAwMDAwMDAwXCIsXCJzY29wZVwiOlwiT3dhRG93bmxvYWRcIn0iLCJpc3MiOiIwMDAwMDAwMi0wMDAwLTBmZjEtY2UwMC0wMDAwMDAwMDAwMDBAODRkZjllN2YtZTlmNi00MGFmLWI0MzUtYWFhYWFhYWFhYWFhIiwiYXVkIjoiMDAwMDAwMDItMDAwMC0wZmYxLWNlMDAtMDAwMDAwMDAwMDAwL2F0dGFjaG1lbnQub3V0bG9vay5vZmZpY2UubmV0QDg0ZGY5ZTdmLWU5ZjYtNDBhZi1iNDM1LWFhYWFhYWFhYWFhYSIsImV4cCI6MTUyMDUzOTM3MSwibmJmIjoxNTIwNTM4NzcxfQ.59HIZ59JPnZwc1qgg6aYXZB2FPU67qNMu9sIWSuXL73RAVQrr_UEzsMmD7aHvhcTK_jL0wdGhOG7oGExjcX_JoshfxSdnKGsR8BCRzsGPBUtn38x1wt7hryXaMHvN2sI_ryLN_-o0JwN0XoLfnxhEO8D371SG4N5V1uJOTh01trWVgYd6LzCrm82-kUFK5CBINuchRDBlAm9uetPTWn92NtKNFlz6WvvBzVRNGftrAEBS3aVTumBdFEGQ4xZa79Do8riJZxxWo10sumcCPjLjLYxmU5PKZuWKK5Jb1_9eM4ria_Rf0PCJ2JUDPWxgp52GTZTxUtIDk9Ez-zDNeMqQQ&amp;owa=outlook.live.com&amp;isc=1\" width=\"400\" height=\"266\" \/><\/p>\n<ul>\n<li class=\"x_gmail-MsoNoSpacing\"><strong>La reforma a la Constituci\u00f3n de Michoac\u00e1n, propuesta por el diputado, da certeza legal y jur\u00eddica a los cuerpos de bomberos<\/strong><\/li>\n<li><strong>Se crea la Academia de Bomberos del Estado<\/strong><\/li>\n<\/ul>\n<p class=\"x_gmail-MsoNoSpacing\"><i>\u00a0<\/i><\/p>\n<p class=\"x_gmail-MsoNoSpacing\"><b>Morelia; Michoac\u00e1n, 08 de marzo de 2018.-\u00a0\u00a0<\/b>Los hombres y mujeres de los Heroicos Cuerpos de Bomberos, tendr\u00e1n la certeza de un empleo bien remunerado y seguridad social, herramientas y equipos que faciliten el desarrollo de su actividad y capacitaci\u00f3n para enfrentar de mejor manera los retos que les impone su trabajo, afirm\u00f3 el diputado del PRI y presidente de la comisi\u00f3n de Seguridad y Protecci\u00f3n Civil en el Congreso del Estado, Wilfrido L\u00e1zaro Medina.<\/p>\n<p class=\"x_gmail-MsoNoSpacing\">Al celebrar la aprobaci\u00f3n de la Ley Estatal de Bomberos y la reforma a la Constituci\u00f3n de Michoac\u00e1n, propuesta por \u00e9l, y que se aprob\u00f3 en primera lectura, donde se da la carta de nacimiento como figura jur\u00eddica a los cuerpos de bomberos en el Estado, mencion\u00f3 que el nuevo marco legal contempla la creaci\u00f3n de un organismo p\u00fablico descentralizado de la administraci\u00f3n p\u00fablica estatal denominado Coordinaci\u00f3n de Bomberos del Estado de Michoac\u00e1n de Ocampo; adem\u00e1s que se legaliza la creaci\u00f3n de Cuerpos de Bomberos Voluntarios como organismos p\u00fablicos descentralizados dentro de la administraci\u00f3n p\u00fablica municipal.<\/p>\n<p class=\"x_gmail-MsoNoSpacing\">El diputado del PRI, expuso que adem\u00e1s la nueva ley define las tareas correspondientes a la Coordinaci\u00f3n de Bomberos del Estado, dentro del Sistema de Protecci\u00f3n Civil Estatal y de los municipios; crea la Academia de Bomberos del Estado, que se encargar\u00e1 de profesionalizar, capacitar, actualizar y certificar a sus miembros y a quienes aspiren a formar parte de esta noble instituci\u00f3n; reconoce y \u00a0regula los Cuerpos de Bomberos y sus Patronatos en el Estado y en los municipios.<\/p>\n<p class=\"x_gmail-MsoNoSpacing\">\u201cLos Cuerpos de Bomberos podr\u00e1n desarrollar pol\u00edticas p\u00fablicas relacionadas con la prevenci\u00f3n y la seguridad ciudadana, con la finalidad de optimizar el funcionamiento, la articulaci\u00f3n y coordinaci\u00f3n entre las diferentes instituciones p\u00fablicas y privadas del ramo, para la ejecuci\u00f3n de las estrategias, protocolos y acciones del Estado en esta materia, lo que generar\u00e1 una mejora en la seguridad de los ciudadanos y sus bienes\u201d, mencion\u00f3.<\/p>\n<p class=\"x_gmail-MsoNoSpacing\">Se\u00f1al\u00f3 que este instrumento jur\u00eddico contribuye a que Estado y municipios se sumen a la tarea de proteger a quienes nos protegen, a ellos y sus familias. \u201cDe esta forma, \u00a0podr\u00e1n -c\u00f3mo lo hacen- arriesgar la vida para salvar la de sus semejantes, con la convicci\u00f3n de que el Estado salvaguarda de manera legal a sus familias y por supuesto a ellos mismos\u201d, expres\u00f3.<\/p>\n<p class=\"x_gmail-MsoNoSpacing\">Wilfrido L\u00e1zaro Medina refiri\u00f3 que la Ley tiene como prop\u00f3sito fundamental dotar de certeza jur\u00eddica, econ\u00f3mica y social a los miembros integrantes de los Heroicos Cuerpos de Bomberos de todo el Estado de Michoac\u00e1n.<\/p>\n","protected":false},"excerpt":{"rendered":"<p>La reforma a la Constituci\u00f3n de Michoac\u00e1n, propuesta por el diputado, da certeza legal y jur\u00eddica a los cuerpos de bomberos Se crea la Academia de Bomberos del Estado \u00a0 Morelia; Michoac\u00e1n, 08 de marzo de 2018.-\u00a0\u00a0Los hombres y mujeres de los Heroicos Cuerpos de Bomberos, tendr\u00e1n la certeza de un empleo bien remunerado y [&hellip;]<\/p>\n","protected":false},"author":2,"featured_media":51189,"comment_status":"closed","ping_status":"closed","sticky":false,"template":"","format":"standard","meta":{"footnotes":""},"categories":[6,14],"tags":[],"class_list":["post-51188","post","type-post","status-publish","format-standard","has-post-thumbnail","hentry","category-congreso-del-estado","category-destacadas"],"_links":{"self":[{"href":"https:\/\/radiowebmx.com\/nota\/wp-json\/wp\/v2\/posts\/51188","targetHints":{"allow":["GET"]}}],"collection":[{"href":"https:\/\/radiowebmx.com\/nota\/wp-json\/wp\/v2\/posts"}],"about":[{"href":"https:\/\/radiowebmx.com\/nota\/wp-json\/wp\/v2\/types\/post"}],"author":[{"embeddable":true,"href":"https:\/\/radiowebmx.com\/nota\/wp-json\/wp\/v2\/users\/2"}],"replies":[{"embeddable":true,"href":"https:\/\/radiowebmx.com\/nota\/wp-json\/wp\/v2\/comments?post=51188"}],"version-history":[{"count":1,"href":"https:\/\/radiowebmx.com\/nota\/wp-json\/wp\/v2\/posts\/51188\/revisions"}],"predecessor-version":[{"id":51190,"href":"https:\/\/radiowebmx.com\/nota\/wp-json\/wp\/v2\/posts\/51188\/revisions\/51190"}],"wp:featuredmedia":[{"embeddable":true,"href":"https:\/\/radiowebmx.com\/nota\/wp-json\/wp\/v2\/media\/51189"}],"wp:attachment":[{"href":"https:\/\/radiowebmx.com\/nota\/wp-json\/wp\/v2\/media?parent=51188"}],"wp:term":[{"taxonomy":"category","embeddable":true,"href":"https:\/\/radiowebmx.com\/nota\/wp-json\/wp\/v2\/categories?post=51188"},{"taxonomy":"post_tag","embeddable":true,"href":"https:\/\/radiowebmx.com\/nota\/wp-json\/wp\/v2\/tags?post=51188"}],"curies":[{"name":"wp","href":"https:\/\/api.w.org\/{rel}","templated":true}]}}