{"id":51182,"date":"2018-03-08T13:50:21","date_gmt":"2018-03-08T19:50:21","guid":{"rendered":"https:\/\/radiowebmx.com\/nota\/?p=51182"},"modified":"2018-03-08T13:50:21","modified_gmt":"2018-03-08T19:50:21","slug":"aprueban-diputados-ley-que-da-autonomia-al-cuerpo-de-bomberos","status":"publish","type":"post","link":"https:\/\/radiowebmx.com\/nota\/aprueban-diputados-ley-que-da-autonomia-al-cuerpo-de-bomberos\/","title":{"rendered":"Aprueban diputados Ley que da autonom\u00eda al cuerpo de bomberos"},"content":{"rendered":"<p><img loading=\"lazy\" decoding=\"async\" class=\"\" src=\"https:\/\/attachment.outlook.office.net\/owa\/ultrapolitica@hotmail.com\/service.svc\/s\/GetAttachmentThumbnail?id=AQMkADAwATYwMAItODMyNi00ODU0LTAwAi0wMAoARgAAA5HawHgQuq9DrqMPu%2BRLC5sHANRV7lYdW%2FpNtd2j%2BEW2swoAAAIBDAAAANRV7lYdW%2FpNtd2j%2BEW2swoAAjVz0G4AAAABEgAQAM2L4rp0VdVIhTPwoV%2Bb%2Bhk%3D&amp;thumbnailType=2&amp;X-OWA-CANARY=o_5rQspcwUaVPxUx5nCnklC2b4gthdUY_KaP0axfznFUI7BGLGt0Hee-1LwUJKvCa09hmeRG9mc.&amp;token=eyJ0eXAiOiJKV1QiLCJhbGciOiJSUzI1NiIsIng1dCI6ImVuaDlCSnJWUFU1aWpWMXFqWmpWLWZMMmJjbyJ9.eyJ2ZXIiOiJFeGNoYW5nZS5DYWxsYmFjay5WMSIsImFwcGN0eHNlbmRlciI6Ik93YURvd25sb2FkQDg0ZGY5ZTdmLWU5ZjYtNDBhZi1iNDM1LWFhYWFhYWFhYWFhYSIsImFwcGN0eCI6IntcIm1zZXhjaHByb3RcIjpcIm93YVwiLFwicHJpbWFyeXNpZFwiOlwiUy0xLTI4MjctMzkzMjE2LTIyMDAzMjQxODBcIixcInB1aWRcIjpcIjE2ODg4NTIwNjA1ODgxMTZcIixcIm9pZFwiOlwiMDAwNjAwMDAtODMyNi00ODU0LTAwMDAtMDAwMDAwMDAwMDAwXCIsXCJzY29wZVwiOlwiT3dhRG93bmxvYWRcIn0iLCJpc3MiOiIwMDAwMDAwMi0wMDAwLTBmZjEtY2UwMC0wMDAwMDAwMDAwMDBAODRkZjllN2YtZTlmNi00MGFmLWI0MzUtYWFhYWFhYWFhYWFhIiwiYXVkIjoiMDAwMDAwMDItMDAwMC0wZmYxLWNlMDAtMDAwMDAwMDAwMDAwL2F0dGFjaG1lbnQub3V0bG9vay5vZmZpY2UubmV0QDg0ZGY5ZTdmLWU5ZjYtNDBhZi1iNDM1LWFhYWFhYWFhYWFhYSIsImV4cCI6MTUyMDUzOTA3MSwibmJmIjoxNTIwNTM4NDcxfQ.8ZbhvdU55_FGzPIDdAfCZMVCrS9oo1R6NuWEtdwITMQWV4-DZaQamswD74RzD0NcDd63N8KyRxmcqESOq4JAhkrzzAuorbuqrnJmVh6kYVfz6OW39J6xUoyurBOcCPxws59W7wcQ-N9JMet8e4UGt6WnMaElzknKDfG7bGdZQScEXV3mp_HlpxXrsyJh1D9ej8yX6ZyUbrDeClK9gGBT0gL14KFu6iGGB0ay56N40hUYgt6Sb71KpUyIjzbzt-bb6ZNjyI938Q8IKztFOUbhItQh0Sr-zW82O8V7QVed9hWHWOIukdoSZWgivdK55Gp3RlyzX0UN5JnhSapwEYBiqg&amp;owa=outlook.live.com&amp;isc=1\" width=\"400\" height=\"266\" \/><\/p>\n<p>&nbsp;<\/p>\n<p class=\"x_MsoNormal\"><b>Morelia; Michoac\u00e1n, 08 de marzo de 2018<\/b>.- En sesi\u00f3n ordinaria, el Congreso local aprob\u00f3 la Ley de Bomberos, que tiene como prop\u00f3sito reconocer y dignificar la labor que realizan en el estado.<\/p>\n<p class=\"x_MsoNormal\">El dictamen presentado por las comisiones unidas de Seguridad P\u00fablica y Protecci\u00f3n Civil,\u00a0\u00a0y de Gobernaci\u00f3n, que integran los diputados Wilfrido L\u00e1zaro, Juan Figueroa, Roberto Carlos, Mario Armando Mendoza, Andrea Villanueva, Antonio Garc\u00eda, \u00c1ngel Cedillo y Ernesto N\u00fa\u00f1ez, fue resultado del an\u00e1lisis realizado a las iniciativas propuestas por los diputados Juan Pablo Puebla y Wilfrido L\u00e1zaro, respectivamente; en el cual,\u00a0\u00a0se establecen las bases para la creaci\u00f3n de un organismo descentralizado denominado Coordinaci\u00f3n de Bomberos del Estado, que contar\u00e1 con personalidad jur\u00eddica y patrimonio propio, as\u00ed como con autonom\u00eda operativa, administrativa y financiera, para el \u00f3ptimo desempe\u00f1o de sus funciones.<\/p>\n<p class=\"x_MsoNormal\">La misi\u00f3n del nuevo organismo ser\u00e1 proteger el ecosistema, la vida y patrimonio de los habitantes, as\u00ed como responder a las necesidades de las personas mediante un servicio eficiente y de calidad.<\/p>\n<p class=\"x_MsoNormal\">La Coordinaci\u00f3n de Bomberos ser\u00e1 conformada por la Junta de Gobierno, Contralor\u00eda Interna y por las direcciones General, Operativa, T\u00e9cnica, Administrativa y de la Academia de Bomberos; as\u00ed como por\u00a0\u00a0los consejos de Lealtad y Disciplina, y de Cooperaci\u00f3n de Bomberos del Estado de Michoac\u00e1n.<\/p>\n<p class=\"x_MsoNormal\">La Junta de Gobierno ser\u00e1 la m\u00e1xima instancia, encargada de definir las pol\u00edticas y estrategias generales;\u00a0\u00a0ser\u00e1 encabezada por el Gobernador del Estado, e integrada por\u00a0\u00a0funcionarios de las secretar\u00edas de Gobierno, Finanzas y Seguridad P\u00fablica; as\u00ed como por miembros de la sociedad civil y representantes de la Asociaci\u00f3n de Bomberos del Estado.<\/p>\n<p class=\"x_MsoNormal\">Asimismo, la norma establece la creaci\u00f3n de la Academia de Bomberos, que ser\u00e1 la instancia encargada de profesionalizar a los miembros de este organismo, mediante su capacitaci\u00f3n, actualizaci\u00f3n y certificaci\u00f3n. Tendr\u00e1 entre sus funciones aprobar la admisi\u00f3n de los bomberos con base en los ex\u00e1menes a que sean sometidos.<\/p>\n<p class=\"x_MsoNormal\">Los bomberos pertenecientes a los cuerpos voluntarios y descentralizados de la administraci\u00f3n p\u00fablica municipal, tendr\u00e1n derecho a percibir un salario remunerador acorde a las caracter\u00edsticas del servicio, contar con capacitaci\u00f3n, especializaci\u00f3n y servicios de salud y recibir el equipo y uniforme reglamentarios sin costo.<\/p>\n<p class=\"x_MsoNormal\">Asimismo, podr\u00e1n recibir est\u00edmulos econ\u00f3micos y preseas al m\u00e9rito cuando su conducta y desempe\u00f1o as\u00ed lo ameriten.<\/p>\n","protected":false},"excerpt":{"rendered":"<p>&nbsp; Morelia; Michoac\u00e1n, 08 de marzo de 2018.- En sesi\u00f3n ordinaria, el Congreso local aprob\u00f3 la Ley de Bomberos, que tiene como prop\u00f3sito reconocer y dignificar la labor que realizan en el estado. El dictamen presentado por las comisiones unidas de Seguridad P\u00fablica y Protecci\u00f3n Civil,\u00a0\u00a0y de Gobernaci\u00f3n, que integran los diputados Wilfrido L\u00e1zaro, Juan [&hellip;]<\/p>\n","protected":false},"author":2,"featured_media":51183,"comment_status":"closed","ping_status":"closed","sticky":false,"template":"","format":"standard","meta":{"footnotes":""},"categories":[6,14],"tags":[],"class_list":["post-51182","post","type-post","status-publish","format-standard","has-post-thumbnail","hentry","category-congreso-del-estado","category-destacadas"],"_links":{"self":[{"href":"https:\/\/radiowebmx.com\/nota\/wp-json\/wp\/v2\/posts\/51182","targetHints":{"allow":["GET"]}}],"collection":[{"href":"https:\/\/radiowebmx.com\/nota\/wp-json\/wp\/v2\/posts"}],"about":[{"href":"https:\/\/radiowebmx.com\/nota\/wp-json\/wp\/v2\/types\/post"}],"author":[{"embeddable":true,"href":"https:\/\/radiowebmx.com\/nota\/wp-json\/wp\/v2\/users\/2"}],"replies":[{"embeddable":true,"href":"https:\/\/radiowebmx.com\/nota\/wp-json\/wp\/v2\/comments?post=51182"}],"version-history":[{"count":1,"href":"https:\/\/radiowebmx.com\/nota\/wp-json\/wp\/v2\/posts\/51182\/revisions"}],"predecessor-version":[{"id":51184,"href":"https:\/\/radiowebmx.com\/nota\/wp-json\/wp\/v2\/posts\/51182\/revisions\/51184"}],"wp:featuredmedia":[{"embeddable":true,"href":"https:\/\/radiowebmx.com\/nota\/wp-json\/wp\/v2\/media\/51183"}],"wp:attachment":[{"href":"https:\/\/radiowebmx.com\/nota\/wp-json\/wp\/v2\/media?parent=51182"}],"wp:term":[{"taxonomy":"category","embeddable":true,"href":"https:\/\/radiowebmx.com\/nota\/wp-json\/wp\/v2\/categories?post=51182"},{"taxonomy":"post_tag","embeddable":true,"href":"https:\/\/radiowebmx.com\/nota\/wp-json\/wp\/v2\/tags?post=51182"}],"curies":[{"name":"wp","href":"https:\/\/api.w.org\/{rel}","templated":true}]}}