{"id":5118,"date":"2014-01-15T11:48:46","date_gmt":"2014-01-15T17:48:46","guid":{"rendered":"https:\/\/radiowebmx.com\/nota\/?p=5118"},"modified":"2014-01-15T11:48:46","modified_gmt":"2014-01-15T17:48:46","slug":"secretaria-de-educacion-cumple-con-las-disposiciones-de-la-reforma-educativa","status":"publish","type":"post","link":"https:\/\/radiowebmx.com\/nota\/secretaria-de-educacion-cumple-con-las-disposiciones-de-la-reforma-educativa\/","title":{"rendered":"SECRETAR\u00cdA DE EDUCACI\u00d3N CUMPLE CON LAS DISPOSICIONES DE LA REFORMA EDUCATIVA"},"content":{"rendered":"<p>La Secretar\u00eda de Educaci\u00f3n en Michoac\u00e1n est\u00e1 cumpliendo con las acciones que contempla la Reforma Educativa publicada el 11 de septiembre de 2013, desde la armonizaci\u00f3n de las leyes y el cumplimiento del calendario para la implementaci\u00f3n de concursos y procesos de evaluaci\u00f3n.<\/p>\n<p>De acuerdo con Marco T\u00e9llez Pati\u00f1o, secretario t\u00e9cnico de la Secretar\u00eda de Educaci\u00f3n en la entidad, en diciembre del 2013, el Instituto Nacional para la Evaluaci\u00f3n de la Educaci\u00f3n public\u00f3 el calendario para la implementaci\u00f3n de los recursos y procesos de evaluaci\u00f3n establecidos en la Ley General del Servicio Profesional Docente, as\u00ed como lineamientos federales y acciones que desde la Secretar\u00eda de Educaci\u00f3n en Michoac\u00e1n se est\u00e1 trabajando en tiempo y forma.<\/p>\n<p>Estas disposiciones contemplan fechas previstas en la misma ley para la implementaci\u00f3n de los procesos de evaluaci\u00f3n para la promoci\u00f3n, reconocimiento y permanencia, considerando adicionalmente el ingreso al Servicio Profesional Docente en el ciclo 2014-2015.<\/p>\n<p>Dentro del apartado n\u00famero I, denominado, Generales de la Ley General del Servicio Profesional Docente, se estipula:<\/p>\n<p>Que el <b>16 de enero<\/b> se habr\u00e1 de convocar a las autoridades educativas y organismos descentralizados para la implementaci\u00f3n del programa anual de mediano plazo de los procesos de evaluaci\u00f3n del Servicio Profesional Docente.<\/p>\n<p>El <b>21 de enero<\/b> de 2014, se entregar\u00e1 a la Secretar\u00eda de Educaci\u00f3n P\u00fablica el anal\u00edtico de plazas del personal docente y del personal con funciones de direcci\u00f3n y supervisi\u00f3n en la Educaci\u00f3n B\u00e1sica y Media Superior.<\/p>\n<p>Tambi\u00e9n se deber\u00e1 entregar al Instituto, con copia para la SEP, la plantilla ocupacional del total del personal de Educaci\u00f3n B\u00e1sica y Media Superior, federalizado y de origen estatal, adscrito en la entidad.<\/p>\n<p>El <b>14 de febrero<\/b> de 2014 publicar\u00e1 el programa anual y el de mediano plazo para la evaluaci\u00f3n del Servicio Profesional Docente.<\/p>\n<p>El apartado II del Calendario denominado Ingreso al Servicio Profesional Docente (ciclo 2014-2015), observa, desde el 17 de diciembre de 2013, acciones para dar a conocer los lineamientos iniciales generales para llevar la evaluaci\u00f3n del ingreso al Servicio Profesional Docente en Educaci\u00f3n B\u00e1sica y Media Superior.<\/p>\n<p>Esta ley vislumbra, entre otros aspectos, la realizaci\u00f3n de un examen en <b>junio del 2014<\/b> para el ingreso al Servicio Profesional Docente; en los dos primeros a\u00f1os, el examen ser\u00e1 exclusivamente para egresados de Escuelas Normales.<\/p>\n<p>Tambi\u00e9n prev\u00e9 evaluaci\u00f3n para permanencia, promoci\u00f3n y reconocimiento; en 2015 se har\u00e1 la primera evaluaci\u00f3n para promoci\u00f3n a cargo de direcci\u00f3n y supervisi\u00f3n y para finales del pr\u00f3ximo a\u00f1o, se establecer\u00e1n los par\u00e1metros y tiempos para calificar el desempe\u00f1o a trav\u00e9s de la cual se evaluar\u00e1 la permanencia y que podr\u00eda implementarse en el 2016.<\/p>\n<p><b>ESTE MES SEP PUBLICAR\u00c1 LINEAMIENTOS PARA LA AUTONOM\u00cdA DE GESTI\u00d3N.<\/b><\/p>\n<p>Paralelamente, la Reforma Educativa tambi\u00e9n observa que para la emisi\u00f3n de lineamientos en los que se conocer\u00e1 c\u00f3mo se ejercer\u00e1 la autonom\u00eda de gesti\u00f3n en las escuelas, ser\u00e1 facultad de la Secretar\u00eda de Educaci\u00f3n P\u00fablica emitir los lineamientos lo cual deber\u00e1 hacerse a finales de este mes de enero y que servir\u00e1n para conocer c\u00f3mo se ejercer\u00e1 esta autonom\u00eda de gesti\u00f3n en las escuelas.<\/p>\n<p>Cabe recordar que la autonom\u00eda de gesti\u00f3n prev\u00e9 que sea la propia instituci\u00f3n educativa la gestora de las necesidades de los planteles a fin de que las decisiones no se tomen \u00fanicamente desde oficinas centrales.<\/p>\n<p><b>ARMONIZACI\u00d3N DE LA LEGISLACI\u00d3N LOCAL<\/b><\/p>\n<p>La armonizaci\u00f3n de las leyes es indispensable porque la Ley General de Educaci\u00f3n y la Ley General del Servicio Profesional Docente publicadas en septiembre del 2013, dieron 6 meses naturales para que todas las entidades federativas armonicen su legislaci\u00f3n local con lo estipulado en la legislaci\u00f3n federal cuyo periodo se cumple el 12 de marzo de 2014.<\/p>\n<p>La revisi\u00f3n que se est\u00e1 realizando en la actualidad vislumbra dos aspectos: primeramente adecuar y regularizar la normatividad administrativa que se deben ajustar a lo que establece la Ley del Servicio Profesional Docente. Dichos documentos pueden ser reglamentos, circulares, manuales de procedimientos de las \u00e1reas, acuerdos secretariales e informaci\u00f3n que emite la Secretar\u00eda de Educaci\u00f3n como gobierno del Estado, publica el Peri\u00f3dico Oficial y que no es necesario que pase por un proceso legislativo por ser facultad de la dependencia educativa.<\/p>\n<p>El segundo aspecto, es la armonizaci\u00f3n con la legislaci\u00f3n y en este sentido, la autoridad educativa est\u00e1 trabajando y colaborando con respeto a la facultad del Poder Legislativo en la revisi\u00f3n de las normas locales que deben adecuarse o armonizarse con la normatividad federal.<\/p>\n","protected":false},"excerpt":{"rendered":"<p>La Secretar\u00eda de Educaci\u00f3n en Michoac\u00e1n est\u00e1 cumpliendo con las acciones que contempla la Reforma Educativa publicada el 11 de septiembre de 2013, desde la armonizaci\u00f3n de las leyes y el cumplimiento del calendario para la implementaci\u00f3n de concursos y procesos de evaluaci\u00f3n.<\/p>\n","protected":false},"author":1,"featured_media":0,"comment_status":"open","ping_status":"open","sticky":false,"template":"","format":"standard","meta":{"footnotes":""},"categories":[3],"tags":[],"class_list":["post-5118","post","type-post","status-publish","format-standard","hentry","category-gobierno-del-estado-de-michoacan"],"_links":{"self":[{"href":"https:\/\/radiowebmx.com\/nota\/wp-json\/wp\/v2\/posts\/5118","targetHints":{"allow":["GET"]}}],"collection":[{"href":"https:\/\/radiowebmx.com\/nota\/wp-json\/wp\/v2\/posts"}],"about":[{"href":"https:\/\/radiowebmx.com\/nota\/wp-json\/wp\/v2\/types\/post"}],"author":[{"embeddable":true,"href":"https:\/\/radiowebmx.com\/nota\/wp-json\/wp\/v2\/users\/1"}],"replies":[{"embeddable":true,"href":"https:\/\/radiowebmx.com\/nota\/wp-json\/wp\/v2\/comments?post=5118"}],"version-history":[{"count":1,"href":"https:\/\/radiowebmx.com\/nota\/wp-json\/wp\/v2\/posts\/5118\/revisions"}],"predecessor-version":[{"id":5119,"href":"https:\/\/radiowebmx.com\/nota\/wp-json\/wp\/v2\/posts\/5118\/revisions\/5119"}],"wp:attachment":[{"href":"https:\/\/radiowebmx.com\/nota\/wp-json\/wp\/v2\/media?parent=5118"}],"wp:term":[{"taxonomy":"category","embeddable":true,"href":"https:\/\/radiowebmx.com\/nota\/wp-json\/wp\/v2\/categories?post=5118"},{"taxonomy":"post_tag","embeddable":true,"href":"https:\/\/radiowebmx.com\/nota\/wp-json\/wp\/v2\/tags?post=5118"}],"curies":[{"name":"wp","href":"https:\/\/api.w.org\/{rel}","templated":true}]}}