{"id":51167,"date":"2018-03-08T12:03:01","date_gmt":"2018-03-08T18:03:01","guid":{"rendered":"https:\/\/radiowebmx.com\/nota\/?p=51167"},"modified":"2018-03-08T12:03:01","modified_gmt":"2018-03-08T18:03:01","slug":"impulsa-andrea-villanueva-reformas-para-mejorar-la-prestacion-de-servicios-inmobiliarios","status":"publish","type":"post","link":"https:\/\/radiowebmx.com\/nota\/impulsa-andrea-villanueva-reformas-para-mejorar-la-prestacion-de-servicios-inmobiliarios\/","title":{"rendered":"Impulsa Andrea Villanueva reformas para mejorar la prestaci\u00f3n de servicios inmobiliarios"},"content":{"rendered":"<ul>\n<li class=\"x_gmail-xxmsonormal\"><strong>La diputada del Distrito XVII de Morelia, propuso reformas como parte del trabajo en foros y mesas de trabajo con representantes del sector<\/strong><\/li>\n<\/ul>\n<p class=\"x_MsoNormal\"><span lang=\"ES\">\u00a0<\/span><\/p>\n<p class=\"x_gmail-xxmsonormal\"><b><span lang=\"ES\">Morelia, Mich., a 08 de marzo de 2018<\/span><\/b><span lang=\"ES\">.-\u00a0<\/span>Sin reformas adecuadas a las nuevas necesidades del sector y sin una visi\u00f3n que integre a todos los actores, la Ley vigente para la Prestaci\u00f3n de Servicios Inmobiliarios debe ser adecuada conforme a lo expuesto por los mismos agentes y agencias inmobiliarias durante los foros y las mesas de trabajo que hemos llevado a cabo, asegur\u00f3 la diputada del Distrito XVII de Morelia, Andrea Villanueva Cano.<\/p>\n<p class=\"x_gmail-xxmsonormal\">Lo anterior durante su participaci\u00f3n ante el Pleno del Congreso local, para reformar este marco legal y con la finalidad de impulsar mayor seguridad jur\u00eddica para todos los que son parte de esta actividad.<\/p>\n<p class=\"x_gmail-xxmsonormal\">As\u00ed, Villanueva Cano expuso que dentro de las bondades de la iniciativa, se encuentra la de procurar la integraci\u00f3n de todas las agencias inmobiliarias en la toma de decisiones desde la Secretar\u00eda de Desarrollo Econ\u00f3mico, ello a trav\u00e9s de la participaci\u00f3n permanente del representante de cada una en el Comit\u00e9 de Vigilancia.<\/p>\n<p class=\"x_gmail-xxmsonormal\">Asimismo, se ajustan las tarifas establecidas para las multas, puesto que los montos que contempla la Ley actual\u00a0<span class=\"x_gmail-apple-converted-space\">\u00a0<\/span>son de los m\u00e1s elevados en el pa\u00eds, aunado a que la renovaci\u00f3n de licencias en la actualidad se hace anualmente, por lo que la iniciativa de la diputada panista, prolonga por 5 a\u00f1os la vigencia de los permisos.<span class=\"x_gmail-apple-converted-space\">\u00a0<\/span><\/p>\n<p class=\"x_gmail-xxmsonormal\">La legisladora por Morelia, destac\u00f3 que la riqueza de esta iniciativa, es que resulta eminentemente ciudadana puesto que conformada a partir de las ponencias y necesidades que el mismo sector dio a conocer durante un Encuentro realizado en el mes de noviembre, as\u00ed como en posteriores mesas de trabajo.<\/p>\n<p><span lang=\"ES-MX\">Finalmente, Andrea Villanueva agradeci\u00f3 la participaci\u00f3n de los distintos representantes del sector inmobiliario para elaborar una propuesta a la altura de sus necesidades, a lo que refrend\u00f3 su compromiso de seguir trabajando de la mano de la ciudadan\u00eda para la construcci\u00f3n de leyes m\u00e1s eficientes y dignas para todos.<\/span><\/p>\n","protected":false},"excerpt":{"rendered":"<p>La diputada del Distrito XVII de Morelia, propuso reformas como parte del trabajo en foros y mesas de trabajo con representantes del sector \u00a0 Morelia, Mich., a 08 de marzo de 2018.-\u00a0Sin reformas adecuadas a las nuevas necesidades del sector y sin una visi\u00f3n que integre a todos los actores, la Ley vigente para la [&hellip;]<\/p>\n","protected":false},"author":2,"featured_media":51168,"comment_status":"closed","ping_status":"closed","sticky":false,"template":"","format":"standard","meta":{"footnotes":""},"categories":[6,14],"tags":[],"class_list":["post-51167","post","type-post","status-publish","format-standard","has-post-thumbnail","hentry","category-congreso-del-estado","category-destacadas"],"_links":{"self":[{"href":"https:\/\/radiowebmx.com\/nota\/wp-json\/wp\/v2\/posts\/51167","targetHints":{"allow":["GET"]}}],"collection":[{"href":"https:\/\/radiowebmx.com\/nota\/wp-json\/wp\/v2\/posts"}],"about":[{"href":"https:\/\/radiowebmx.com\/nota\/wp-json\/wp\/v2\/types\/post"}],"author":[{"embeddable":true,"href":"https:\/\/radiowebmx.com\/nota\/wp-json\/wp\/v2\/users\/2"}],"replies":[{"embeddable":true,"href":"https:\/\/radiowebmx.com\/nota\/wp-json\/wp\/v2\/comments?post=51167"}],"version-history":[{"count":1,"href":"https:\/\/radiowebmx.com\/nota\/wp-json\/wp\/v2\/posts\/51167\/revisions"}],"predecessor-version":[{"id":51169,"href":"https:\/\/radiowebmx.com\/nota\/wp-json\/wp\/v2\/posts\/51167\/revisions\/51169"}],"wp:featuredmedia":[{"embeddable":true,"href":"https:\/\/radiowebmx.com\/nota\/wp-json\/wp\/v2\/media\/51168"}],"wp:attachment":[{"href":"https:\/\/radiowebmx.com\/nota\/wp-json\/wp\/v2\/media?parent=51167"}],"wp:term":[{"taxonomy":"category","embeddable":true,"href":"https:\/\/radiowebmx.com\/nota\/wp-json\/wp\/v2\/categories?post=51167"},{"taxonomy":"post_tag","embeddable":true,"href":"https:\/\/radiowebmx.com\/nota\/wp-json\/wp\/v2\/tags?post=51167"}],"curies":[{"name":"wp","href":"https:\/\/api.w.org\/{rel}","templated":true}]}}