{"id":51157,"date":"2018-03-07T17:02:22","date_gmt":"2018-03-07T23:02:22","guid":{"rendered":"https:\/\/radiowebmx.com\/nota\/?p=51157"},"modified":"2018-03-08T11:19:10","modified_gmt":"2018-03-08T17:19:10","slug":"presentan-estudiantes-avances-de-doctorado-en-educacion-del-imced","status":"publish","type":"post","link":"https:\/\/radiowebmx.com\/nota\/presentan-estudiantes-avances-de-doctorado-en-educacion-del-imced\/","title":{"rendered":"Presentan estudiantes avances de Doctorado en Educaci\u00f3n del IMCED"},"content":{"rendered":"<ul>\n<li><strong>Durante dos d\u00edas se expusieron los avances en cinco tesis del Doctorado en Educaci\u00f3n que se imparte en este Instituto.<\/strong><\/li>\n<\/ul>\n<p><strong>Morelia, Michoac\u00e1n, a 7 de marzo de 2018.-\u00a0<\/strong>Con el prop\u00f3sito de mostrar los avances que se han registrado en el \u00e1rea de Doctorado en Educaci\u00f3n del Instituto Michoacano de Ciencias de la Educaci\u00f3n (IMCED), se realiz\u00f3 el III Coloquio del Doctorado en Educaci\u00f3n, Primera Generaci\u00f3n 2016-2019.<\/p>\n<p>El programa de este posgrado busca formar investigadores e investigadoras capaces de hacer aportes significativos al conocimiento de los procesos educativos que contribuyan a la construcci\u00f3n de alternativas viables, con el m\u00e1s alto nivel acad\u00e9mico y \u00e9tico, en las \u00e1reas de psicolog\u00eda educativa, pedagog\u00eda, as\u00ed como educaci\u00f3n y sociedad.<\/p>\n<p>El dise\u00f1o curricular est\u00e1 centrado en la elaboraci\u00f3n de la tesis con la asesor\u00eda de un comit\u00e9 tutorial para cada alumno, y cuenta con el respaldo de convenios con la Universidad Nacional Aut\u00f3noma de M\u00e9xico (UNAM) y la Universidad de Guadalajara (UdeG).<\/p>\n<p>En esta ocasi\u00f3n fueron analizados cinco proyectos de tesis: \u201cRelaciones interpersonales maestro-alumno: estrategias para la prevenci\u00f3n y resoluci\u00f3n de conflictos en telesecundaria\u201d; \u201cCuerpo docente y proceso (de) formaci\u00f3n educativa en la sociedad contempor\u00e1nea\u201d; \u201cIntervenci\u00f3n tutorial y seguridad educativa en alumnos de medicina desde un enfoque transversal\u201d; \u201cEstructura del pensamiento modal con perspectiva hist\u00f3rica: elementos para la formaci\u00f3n de investigadores en los programas de posgrado\u201d; \u201cLa relaci\u00f3n educaci\u00f3n y mercado de trabajo, tendencias a la precarizaci\u00f3n del empleo profesional\u201d.<\/p>\n<p>Cabe resaltar que en este coloquio se cont\u00f3 con la asistencia de acad\u00e9micos de la UNAM, UdeG as\u00ed como de la Universidad Michoacana de San Nicol\u00e1s de Hidalgo (UMSNH) y la Universidad Pedag\u00f3gica Nacional- Unidad Jalisco.<\/p>\n","protected":false},"excerpt":{"rendered":"<p>Durante dos d\u00edas se expusieron los avances en cinco tesis del Doctorado en Educaci\u00f3n que se imparte en este Instituto. Morelia, Michoac\u00e1n, a 7 de marzo de 2018.-\u00a0Con el prop\u00f3sito de mostrar los avances que se han registrado en el \u00e1rea de Doctorado en Educaci\u00f3n del Instituto Michoacano de Ciencias de la Educaci\u00f3n (IMCED), se [&hellip;]<\/p>\n","protected":false},"author":2,"featured_media":51158,"comment_status":"closed","ping_status":"closed","sticky":false,"template":"","format":"standard","meta":{"footnotes":""},"categories":[14,3,60],"tags":[],"class_list":["post-51157","post","type-post","status-publish","format-standard","has-post-thumbnail","hentry","category-destacadas","category-gobierno-del-estado-de-michoacan","category-michoacan"],"_links":{"self":[{"href":"https:\/\/radiowebmx.com\/nota\/wp-json\/wp\/v2\/posts\/51157","targetHints":{"allow":["GET"]}}],"collection":[{"href":"https:\/\/radiowebmx.com\/nota\/wp-json\/wp\/v2\/posts"}],"about":[{"href":"https:\/\/radiowebmx.com\/nota\/wp-json\/wp\/v2\/types\/post"}],"author":[{"embeddable":true,"href":"https:\/\/radiowebmx.com\/nota\/wp-json\/wp\/v2\/users\/2"}],"replies":[{"embeddable":true,"href":"https:\/\/radiowebmx.com\/nota\/wp-json\/wp\/v2\/comments?post=51157"}],"version-history":[{"count":1,"href":"https:\/\/radiowebmx.com\/nota\/wp-json\/wp\/v2\/posts\/51157\/revisions"}],"predecessor-version":[{"id":51159,"href":"https:\/\/radiowebmx.com\/nota\/wp-json\/wp\/v2\/posts\/51157\/revisions\/51159"}],"wp:featuredmedia":[{"embeddable":true,"href":"https:\/\/radiowebmx.com\/nota\/wp-json\/wp\/v2\/media\/51158"}],"wp:attachment":[{"href":"https:\/\/radiowebmx.com\/nota\/wp-json\/wp\/v2\/media?parent=51157"}],"wp:term":[{"taxonomy":"category","embeddable":true,"href":"https:\/\/radiowebmx.com\/nota\/wp-json\/wp\/v2\/categories?post=51157"},{"taxonomy":"post_tag","embeddable":true,"href":"https:\/\/radiowebmx.com\/nota\/wp-json\/wp\/v2\/tags?post=51157"}],"curies":[{"name":"wp","href":"https:\/\/api.w.org\/{rel}","templated":true}]}}