{"id":51145,"date":"2018-03-07T13:12:29","date_gmt":"2018-03-07T19:12:29","guid":{"rendered":"https:\/\/radiowebmx.com\/nota\/?p=51145"},"modified":"2018-03-08T11:01:02","modified_gmt":"2018-03-08T17:01:02","slug":"el-reto-es-alcanzar-la-paridad-de-genero-en-imparticion-de-justicia-noemi-ramirez","status":"publish","type":"post","link":"https:\/\/radiowebmx.com\/nota\/el-reto-es-alcanzar-la-paridad-de-genero-en-imparticion-de-justicia-noemi-ramirez\/","title":{"rendered":"El reto es alcanzar la paridad de g\u00e9nero en impartici\u00f3n de justicia: Noem\u00ed Ram\u00edrez"},"content":{"rendered":"<p class=\"x_gmail-m5208633421320424917ydpcc87f3a1yiv8665525503msonormal\">\n<p><img loading=\"lazy\" decoding=\"async\" class=\"\" src=\"https:\/\/attachment.outlook.office.net\/owa\/ultrapolitica@hotmail.com\/service.svc\/s\/GetAttachmentThumbnail?id=AQMkADAwATYwMAItODMyNi00ODU0LTAwAi0wMAoARgAAA5HawHgQuq9DrqMPu%2BRLC5sHANRV7lYdW%2FpNtd2j%2BEW2swoAAAIBDAAAANRV7lYdW%2FpNtd2j%2BEW2swoAAjQSTT8AAAABEgAQAJ88ceUWSBhMjaDUYiIbXh8%3D&amp;thumbnailType=2&amp;X-OWA-CANARY=qR6ScDsQVUev--niFeqfECAjgwsVhdUYJ0dEBoqEJZiraaXlZaRASRWgJKLYJcSW0AKRgD_idkU.&amp;token=eyJ0eXAiOiJKV1QiLCJhbGciOiJSUzI1NiIsIng1dCI6ImVuaDlCSnJWUFU1aWpWMXFqWmpWLWZMMmJjbyJ9.eyJ2ZXIiOiJFeGNoYW5nZS5DYWxsYmFjay5WMSIsImFwcGN0eHNlbmRlciI6Ik93YURvd25sb2FkQDg0ZGY5ZTdmLWU5ZjYtNDBhZi1iNDM1LWFhYWFhYWFhYWFhYSIsImFwcGN0eCI6IntcIm1zZXhjaHByb3RcIjpcIm93YVwiLFwicHJpbWFyeXNpZFwiOlwiUy0xLTI4MjctMzkzMjE2LTIyMDAzMjQxODBcIixcInB1aWRcIjpcIjE2ODg4NTIwNjA1ODgxMTZcIixcIm9pZFwiOlwiMDAwNjAwMDAtODMyNi00ODU0LTAwMDAtMDAwMDAwMDAwMDAwXCIsXCJzY29wZVwiOlwiT3dhRG93bmxvYWRcIn0iLCJpc3MiOiIwMDAwMDAwMi0wMDAwLTBmZjEtY2UwMC0wMDAwMDAwMDAwMDBAODRkZjllN2YtZTlmNi00MGFmLWI0MzUtYWFhYWFhYWFhYWFhIiwiYXVkIjoiMDAwMDAwMDItMDAwMC0wZmYxLWNlMDAtMDAwMDAwMDAwMDAwL2F0dGFjaG1lbnQub3V0bG9vay5vZmZpY2UubmV0QDg0ZGY5ZTdmLWU5ZjYtNDBhZi1iNDM1LWFhYWFhYWFhYWFhYSIsImV4cCI6MTUyMDUyODQ3NSwibmJmIjoxNTIwNTI3ODc1fQ.NsMsxfequtVE9F3Ke4ZCZH0y6EsUnJdtCTotp0tR--uAviGmaM3t80crWs1j4NQlQH8LMHN4o4yWkUCBMrRXY-Q2j3uEeSGJl94XpA_r2pFsyPiAPH_mt3_CINaBbe6jYYryKueSbpZoDS7O4obornZadp5hhmi4B4bRTgLmnCFtsdnR3mx409MYOy90yg5RgUxOQDnnT23EMIHY1tyfGEi209walDY8YgmQx_CLBjiG7HO1vuQXrpmEwBXJkH_7lANQfHfYqpB-EuTtKj66V9uX7i69gSHB04JV2msxBvVp9Tynk2w8Tja8DROUsL_OeAkH2v9C9UuhywyJS67Ryw&amp;owa=outlook.live.com&amp;isc=1\" width=\"400\" height=\"266\" \/><\/p>\n<p>&nbsp;<\/p>\n<ul>\n<li class=\"x_gmail-m5208633421320424917ydpcc87f3a1yiv8665525503msonormal\"><strong>Diputados acuden al CCIII Aniversario de la instalaci\u00f3n del Supremo Tribunal de Justicia para la Am\u00e9rica Mexicana<\/strong><\/li>\n<\/ul>\n<p class=\"x_gmail-m5208633421320424917ydpcc87f3a1yiv8665525503msonormal\"><b>Ario de Rosales;\u00a0\u00a0Michoac\u00e1n, 07 de marzo de 2018.-<\/b>\u00a0\u00a0\u00a0Lograr mayor participaci\u00f3n femenina en la impartici\u00f3n de justicia, alcanzando una verdadera paridad de g\u00e9nero, es sin duda una forma de conmemorar los valores de los mexicanos que un 7 de marzo de 1815 instalaron el Supremo Tribunal de Justicia para la Am\u00e9rica Mexicana, en Ario de Rosales, gracias al Decreto Constitucional para la Libertad de la Am\u00e9rica Mexicana, refiri\u00f3 la diputada Noem\u00ed Ram\u00edrez Bravo, Presidente de la Mesa Directiva del Congreso del Estado.<\/p>\n<p class=\"x_gmail-m5208633421320424917ydpcc87f3a1yiv8665525503msonormal\">En el CCIII Aniversario de la instalaci\u00f3n del Primer Tribunal que ser\u00eda el antecesor directo e inmediato de la actual Suprema Corte de Justicia de la Naci\u00f3n, estuvieron presentes los diputados Antonio Garc\u00eda Conejo, Presidente de la Junta de Coordinaci\u00f3n Pol\u00edtica del Congreso del Estado; Rosal\u00eda Miranda, diputada por el distrito XIV; H\u00e9ctor G\u00f3mez Trujillo, Coordinador del Grupo Parlamentario del PAN, Alma Mireya Gonz\u00e1lez, Miguel \u00c1ngel Villegas, Andrea Villanueva, integrantes del mismo; \u00c1ngel Cedillo,\u00a0\u00a0Juan Figueroa, integrantes del GPPRD; Adriana Hern\u00e1ndez I\u00f1iguez, Yarab\u00ed \u00c1vila, Juan Manuel Figueroa y\u00a0\u00a0Sergio Ochoa, Coordinadora e integrantes del Grupo Parlamentario del PRI.<\/p>\n<p class=\"x_gmail-m5208633421320424917ydpcc87f3a1yiv8665525503msonormal\">Al respecto, la diputada Noem\u00ed Ram\u00edrez se\u00f1al\u00f3 que la visi\u00f3n de aquellos precursores de la impartici\u00f3n de justicia fue la de tener un M\u00e9xico sin distingos e igualitario para todos; por ello, lament\u00f3 que actualmente a\u00fan exista un desequilibrio entre la presencia de hombres y mujeres en el Poder Judicial en M\u00e9xico y los tribunales.<\/p>\n<p class=\"x_gmail-m5208633421320424917ydpcc87f3a1yiv8665525503msonormal\">Inform\u00f3, con datos del\u00a0\u00a0Instituto Nacional de Estad\u00edstica y Geograf\u00eda (INEGI), la parlamentaria se\u00f1al\u00f3 que un 81.1% de los 740 jueces y magistrados adscritos de los Tribunales Colegiados de Circuito son hombres; en la Suprema Corte de Justicia de la Naci\u00f3n (SCJN), que cuenta con un 46.3% de personal femenino, y s\u00f3lo dos de los 11 magistrados son mujeres; mientras el personal femenino en el Tribunal Electoral del Poder Judicial de la Federaci\u00f3n (TEPJF) solo es 39.9 por ciento, y cinco de los siete magistrados de la Sala Superior, son hombres.<\/p>\n<p class=\"x_gmail-m5208633421320424917ydpcc87f3a1yiv8665525503msonormal\">Ram\u00edrez Bravo, precis\u00f3 que en el Congreso del Estado a\u00fan no se alcanza esa igualdad entre hombre y mujeres pero se va avanzando, actualmente hay 17 mujeres de los 40 diputados, una cifra hist\u00f3rica en la entidad.<\/p>\n<p class=\"x_gmail-m5208633421320424917ydpcc87f3a1yiv8665525503msonormal\">Por ello, destac\u00f3 que desde las trincheras del Poder Legislativo se ha trabajado por alcanzar esta igualdad, prueba de ello es la obligatoriedad que tienen ahora los partidos pol\u00edticos para seleccionar a sus candidatos de acuerdo a la paridad de g\u00e9nero, esto gracias a las reformas legales realizadas a normativas estatales, privilegiando la igualdad entre hombres y mujeres.<\/p>\n<p class=\"x_gmail-m5208633421320424917ydpcc87f3a1yiv8665525503msonormal\">Finalmente, la Presidente de la Mesa Directiva del Congreso del Estado, refrend\u00f3 el compromiso de los diputados por continuar trabajando en busca de un estado y por ende pa\u00eds sin discriminaci\u00f3n, paritario y justo para todos.<\/p>\n","protected":false},"excerpt":{"rendered":"<p>&nbsp; Diputados acuden al CCIII Aniversario de la instalaci\u00f3n del Supremo Tribunal de Justicia para la Am\u00e9rica Mexicana Ario de Rosales;\u00a0\u00a0Michoac\u00e1n, 07 de marzo de 2018.-\u00a0\u00a0\u00a0Lograr mayor participaci\u00f3n femenina en la impartici\u00f3n de justicia, alcanzando una verdadera paridad de g\u00e9nero, es sin duda una forma de conmemorar los valores de los mexicanos que un 7 [&hellip;]<\/p>\n","protected":false},"author":2,"featured_media":51146,"comment_status":"closed","ping_status":"closed","sticky":false,"template":"","format":"standard","meta":{"footnotes":""},"categories":[6,14],"tags":[],"class_list":["post-51145","post","type-post","status-publish","format-standard","has-post-thumbnail","hentry","category-congreso-del-estado","category-destacadas"],"_links":{"self":[{"href":"https:\/\/radiowebmx.com\/nota\/wp-json\/wp\/v2\/posts\/51145","targetHints":{"allow":["GET"]}}],"collection":[{"href":"https:\/\/radiowebmx.com\/nota\/wp-json\/wp\/v2\/posts"}],"about":[{"href":"https:\/\/radiowebmx.com\/nota\/wp-json\/wp\/v2\/types\/post"}],"author":[{"embeddable":true,"href":"https:\/\/radiowebmx.com\/nota\/wp-json\/wp\/v2\/users\/2"}],"replies":[{"embeddable":true,"href":"https:\/\/radiowebmx.com\/nota\/wp-json\/wp\/v2\/comments?post=51145"}],"version-history":[{"count":1,"href":"https:\/\/radiowebmx.com\/nota\/wp-json\/wp\/v2\/posts\/51145\/revisions"}],"predecessor-version":[{"id":51147,"href":"https:\/\/radiowebmx.com\/nota\/wp-json\/wp\/v2\/posts\/51145\/revisions\/51147"}],"wp:featuredmedia":[{"embeddable":true,"href":"https:\/\/radiowebmx.com\/nota\/wp-json\/wp\/v2\/media\/51146"}],"wp:attachment":[{"href":"https:\/\/radiowebmx.com\/nota\/wp-json\/wp\/v2\/media?parent=51145"}],"wp:term":[{"taxonomy":"category","embeddable":true,"href":"https:\/\/radiowebmx.com\/nota\/wp-json\/wp\/v2\/categories?post=51145"},{"taxonomy":"post_tag","embeddable":true,"href":"https:\/\/radiowebmx.com\/nota\/wp-json\/wp\/v2\/tags?post=51145"}],"curies":[{"name":"wp","href":"https:\/\/api.w.org\/{rel}","templated":true}]}}