{"id":51139,"date":"2018-03-07T14:47:47","date_gmt":"2018-03-07T20:47:47","guid":{"rendered":"https:\/\/radiowebmx.com\/nota\/?p=51139"},"modified":"2018-03-08T10:47:49","modified_gmt":"2018-03-08T16:47:49","slug":"continuamos-trabajando-para-que-sea-la-ciudadania-quien-vigile-el-presupuesto-publico-destaca-miguel-angel-villegas","status":"publish","type":"post","link":"https:\/\/radiowebmx.com\/nota\/continuamos-trabajando-para-que-sea-la-ciudadania-quien-vigile-el-presupuesto-publico-destaca-miguel-angel-villegas\/","title":{"rendered":"Continuamos trabajando para que sea la ciudadan\u00eda quien vigile el presupuesto p\u00fablico, destaca Miguel \u00c1ngel Villegas"},"content":{"rendered":"<p class=\"x_MsoNormal\"><b>Morelia;\u00a0\u00a0Michoac\u00e1n, 07 de marzo de 2018.-<\/b>\u00a0\u00a0\u00a0Con iniciativas legislativas que fortalezcan la democracia y la participaci\u00f3n ciudadana, se dise\u00f1\u00f3 una Ley de Auditor\u00eda Social, propuesta por el diputado del Partido Acci\u00f3n Nacional (PAN),\u00a0\u00a0Miguel \u00c1ngel Villegas Soto, en la cual fomenta una relaci\u00f3n constructiva entre autoridades y ciudadan\u00eda en materia de transparencia y combate a la corrupci\u00f3n.<\/p>\n<p class=\"x_MsoNormal\">Dicha propuesta presentada ante el Pleno del Congreso y derivada a las Comisiones de Gobernaci\u00f3n, Programaci\u00f3n y Presupuesto para su discusi\u00f3n y an\u00e1lisis, y que en \u00e9ste tercer a\u00f1o legislativo se buscar\u00e1 ser aprobada; tiene como prop\u00f3sito darle m\u00e1s poder a los ciudadanos para que tengan el derecho de auditar en qu\u00e9 se gastan el presupuesto los Poderes Legislativo, Ejecutivo y Judicial; los municipios, \u00f3rganos aut\u00f3nomos y las dependencias, as\u00ed como cualquier ente que utilice recursos p\u00fablicos, para prevenir y combatir actos de corrupci\u00f3n.<\/p>\n<p class=\"x_MsoNormal\">El legislador destac\u00f3 que con \u00e9sta propuesta de Ley habr\u00e1 un mayor control del presupuesto y se podr\u00e1 evitar el derroche de recursos, adem\u00e1s de eliminar los privilegios de los servidores p\u00fablicos, se podr\u00e1n derivar diagn\u00f3sticos, propuestas, recomendaciones, iniciativas legislativas o de pol\u00edticas p\u00fablicas, as\u00ed como quejas o denuncias administrativas o penales.<\/p>\n<p class=\"x_MsoNormal\">A trav\u00e9s de \u00e9ste mecanismo\u00a0\u00a0la ciudadan\u00eda\u00a0\u00a0gozar\u00e1 de su derecho a vigilar, a darle autonom\u00eda e independencia real a las auditor\u00edas, sobre el trabajo que se realiza en la administraci\u00f3n p\u00fablica.<\/p>\n","protected":false},"excerpt":{"rendered":"<p>Morelia;\u00a0\u00a0Michoac\u00e1n, 07 de marzo de 2018.-\u00a0\u00a0\u00a0Con iniciativas legislativas que fortalezcan la democracia y la participaci\u00f3n ciudadana, se dise\u00f1\u00f3 una Ley de Auditor\u00eda Social, propuesta por el diputado del Partido Acci\u00f3n Nacional (PAN),\u00a0\u00a0Miguel \u00c1ngel Villegas Soto, en la cual fomenta una relaci\u00f3n constructiva entre autoridades y ciudadan\u00eda en materia de transparencia y combate a la corrupci\u00f3n. [&hellip;]<\/p>\n","protected":false},"author":2,"featured_media":51140,"comment_status":"closed","ping_status":"closed","sticky":false,"template":"","format":"standard","meta":{"footnotes":""},"categories":[6,14],"tags":[],"class_list":["post-51139","post","type-post","status-publish","format-standard","has-post-thumbnail","hentry","category-congreso-del-estado","category-destacadas"],"_links":{"self":[{"href":"https:\/\/radiowebmx.com\/nota\/wp-json\/wp\/v2\/posts\/51139","targetHints":{"allow":["GET"]}}],"collection":[{"href":"https:\/\/radiowebmx.com\/nota\/wp-json\/wp\/v2\/posts"}],"about":[{"href":"https:\/\/radiowebmx.com\/nota\/wp-json\/wp\/v2\/types\/post"}],"author":[{"embeddable":true,"href":"https:\/\/radiowebmx.com\/nota\/wp-json\/wp\/v2\/users\/2"}],"replies":[{"embeddable":true,"href":"https:\/\/radiowebmx.com\/nota\/wp-json\/wp\/v2\/comments?post=51139"}],"version-history":[{"count":1,"href":"https:\/\/radiowebmx.com\/nota\/wp-json\/wp\/v2\/posts\/51139\/revisions"}],"predecessor-version":[{"id":51141,"href":"https:\/\/radiowebmx.com\/nota\/wp-json\/wp\/v2\/posts\/51139\/revisions\/51141"}],"wp:featuredmedia":[{"embeddable":true,"href":"https:\/\/radiowebmx.com\/nota\/wp-json\/wp\/v2\/media\/51140"}],"wp:attachment":[{"href":"https:\/\/radiowebmx.com\/nota\/wp-json\/wp\/v2\/media?parent=51139"}],"wp:term":[{"taxonomy":"category","embeddable":true,"href":"https:\/\/radiowebmx.com\/nota\/wp-json\/wp\/v2\/categories?post=51139"},{"taxonomy":"post_tag","embeddable":true,"href":"https:\/\/radiowebmx.com\/nota\/wp-json\/wp\/v2\/tags?post=51139"}],"curies":[{"name":"wp","href":"https:\/\/api.w.org\/{rel}","templated":true}]}}