{"id":51130,"date":"2018-03-07T12:59:30","date_gmt":"2018-03-07T18:59:30","guid":{"rendered":"https:\/\/radiowebmx.com\/nota\/?p=51130"},"modified":"2018-03-07T14:11:41","modified_gmt":"2018-03-07T20:11:41","slug":"sfa-da-seguimiento-a-capacitacion-de-servidores-publicos-en-materia-fiscal","status":"publish","type":"post","link":"https:\/\/radiowebmx.com\/nota\/sfa-da-seguimiento-a-capacitacion-de-servidores-publicos-en-materia-fiscal\/","title":{"rendered":"SFA da seguimiento a capacitaci\u00f3n de servidores p\u00fablicos en materia fiscal"},"content":{"rendered":"<p><img loading=\"lazy\" decoding=\"async\" class=\"\" src=\"https:\/\/gallery.mailchimp.com\/c3679d81029880892ab85d106\/images\/fbd8603a-f3d2-4c68-a070-eca5a3463535.jpg\" width=\"399\" height=\"216\" \/><\/p>\n<p>&nbsp;<\/p>\n<p><strong>Morelia, Michoac\u00e1n, a 7 de marzo de 2018.-\u00a0<\/strong>Con la finalidad de complementar los conocimientos de las y los servidores p\u00fablicos en materia fiscal, la Secretar\u00eda de Finanzas y Administraci\u00f3n (SFA) realiz\u00f3 el \u201cCurso sobre Disposiciones Fiscales y Otros T\u00f3picos\u201d, que fue impartido por especialistas del Instituto para el Desarrollo T\u00e9cnico de las Haciendas P\u00fablicas (Indetec).<\/p>\n<p>El curso se llev\u00f3 a cabo en la Facultad de Ciencias Administrativas de la Universidad Michoacana de San Nicol\u00e1s de Hidalgo (UMSNH), donde la licenciada en Derecho Margarita Navarro Franco y el consultor investigador del Indetec, Arturo Y\u00e1\u00f1ez L\u00f3pez, compartieron informaci\u00f3n de relevancia para el quehacer administrativo de las dependencias estatales.<\/p>\n<p>Estos cursos son implementados por la Direcci\u00f3n de Profesionalizaci\u00f3n de la Subsecretar\u00eda de Gesti\u00f3n Laboral y Patrimonial de la SFA, que de esta manera cumple con la instrucci\u00f3n del Gobernador Silvano Aureoles Conejo de fortalecer las habilidades y conocimientos de las y los servidores p\u00fablicos estatales en beneficio de la ciudadan\u00eda.<\/p>\n<p>Por parte de la SFA, al acto protocolario de bienvenida asistieron el encargado del despacho de la Subsecretar\u00eda de Administraci\u00f3n, Guillermo Renter\u00eda Garc\u00eda; el subsecretario de Gesti\u00f3n Laboral y Patrimonial, Guillermo Rizo Hern\u00e1ndez; y el director de Profesionalizaci\u00f3n, Francisco Zaragoza Huerta; tambi\u00e9n, la directora de la Facultad de Contadur\u00eda y Ciencias Administrativas de la UMSNH, Virginia Hern\u00e1ndez Silva.<\/p>\n","protected":false},"excerpt":{"rendered":"<p>&nbsp; Morelia, Michoac\u00e1n, a 7 de marzo de 2018.-\u00a0Con la finalidad de complementar los conocimientos de las y los servidores p\u00fablicos en materia fiscal, la Secretar\u00eda de Finanzas y Administraci\u00f3n (SFA) realiz\u00f3 el \u201cCurso sobre Disposiciones Fiscales y Otros T\u00f3picos\u201d, que fue impartido por especialistas del Instituto para el Desarrollo T\u00e9cnico de las Haciendas P\u00fablicas [&hellip;]<\/p>\n","protected":false},"author":2,"featured_media":51131,"comment_status":"closed","ping_status":"closed","sticky":false,"template":"","format":"standard","meta":{"footnotes":""},"categories":[14,3,60],"tags":[],"class_list":["post-51130","post","type-post","status-publish","format-standard","has-post-thumbnail","hentry","category-destacadas","category-gobierno-del-estado-de-michoacan","category-michoacan"],"_links":{"self":[{"href":"https:\/\/radiowebmx.com\/nota\/wp-json\/wp\/v2\/posts\/51130","targetHints":{"allow":["GET"]}}],"collection":[{"href":"https:\/\/radiowebmx.com\/nota\/wp-json\/wp\/v2\/posts"}],"about":[{"href":"https:\/\/radiowebmx.com\/nota\/wp-json\/wp\/v2\/types\/post"}],"author":[{"embeddable":true,"href":"https:\/\/radiowebmx.com\/nota\/wp-json\/wp\/v2\/users\/2"}],"replies":[{"embeddable":true,"href":"https:\/\/radiowebmx.com\/nota\/wp-json\/wp\/v2\/comments?post=51130"}],"version-history":[{"count":1,"href":"https:\/\/radiowebmx.com\/nota\/wp-json\/wp\/v2\/posts\/51130\/revisions"}],"predecessor-version":[{"id":51132,"href":"https:\/\/radiowebmx.com\/nota\/wp-json\/wp\/v2\/posts\/51130\/revisions\/51132"}],"wp:featuredmedia":[{"embeddable":true,"href":"https:\/\/radiowebmx.com\/nota\/wp-json\/wp\/v2\/media\/51131"}],"wp:attachment":[{"href":"https:\/\/radiowebmx.com\/nota\/wp-json\/wp\/v2\/media?parent=51130"}],"wp:term":[{"taxonomy":"category","embeddable":true,"href":"https:\/\/radiowebmx.com\/nota\/wp-json\/wp\/v2\/categories?post=51130"},{"taxonomy":"post_tag","embeddable":true,"href":"https:\/\/radiowebmx.com\/nota\/wp-json\/wp\/v2\/tags?post=51130"}],"curies":[{"name":"wp","href":"https:\/\/api.w.org\/{rel}","templated":true}]}}