{"id":51126,"date":"2018-03-06T15:11:56","date_gmt":"2018-03-06T21:11:56","guid":{"rendered":"https:\/\/radiowebmx.com\/nota\/?p=51126"},"modified":"2018-03-07T12:13:52","modified_gmt":"2018-03-07T18:13:52","slug":"entregan-constancias-a-docentes-del-telebachillerato-que-recibieron-capacitacion-en-el-imced","status":"publish","type":"post","link":"https:\/\/radiowebmx.com\/nota\/entregan-constancias-a-docentes-del-telebachillerato-que-recibieron-capacitacion-en-el-imced\/","title":{"rendered":"Entregan constancias a docentes del Telebachillerato que recibieron capacitaci\u00f3n en el IMCED"},"content":{"rendered":"<p><img loading=\"lazy\" decoding=\"async\" class=\"\" src=\"https:\/\/gallery.mailchimp.com\/c3679d81029880892ab85d106\/images\/caae6cb5-d797-476b-9cae-0133fad0adc3.jpeg\" width=\"400\" height=\"237\" \/><\/p>\n<p>&nbsp;<\/p>\n<p><strong>Morelia, Michoac\u00e1n, a 6 de marzo de 2018.-<\/strong>\u00a0Con la finalidad de seguir impulsando la profesionalizaci\u00f3n docente, este martes se entregaron las constancias a las 665 profesoras y profesores del Telebachillerato Michoac\u00e1n que asistieron al curso de capacitaci\u00f3n \u201cEstrategias de la Ense\u00f1anza\u201d, impartido durante cuatro d\u00edas en las instalaciones del Instituto Michoacano de Ciencias de la Educaci\u00f3n (IMCED).<\/p>\n<p>\u201cS\u00f3lo a trav\u00e9s de la profesionalizaci\u00f3n de nuestros y nuestras docentes podremos seguir brindando educaci\u00f3n de calidad a las y los m\u00e1s de 12 mil 500 estudiantes. De esta manera, mejorar\u00e1n sus t\u00e9cnicas de ense\u00f1anza, garantizando que alumnas y alumnos sigan recibiendo una educaci\u00f3n integral y completa\u201d, destac\u00f3 el director general del subsistema, Juan Carlos Barrag\u00e1n V\u00e9lez.<\/p>\n<p>La capacitaci\u00f3n fue posible gracias al convenio firmado entre el Telebachillerato y el IMCED para generar las condiciones acad\u00e9micas, tecnol\u00f3gicas y econ\u00f3micas necesarias para una coordinaci\u00f3n, colaboraci\u00f3n y vinculaci\u00f3n efectiva y eficiente que permita desarrollar, ejecutar e implementar acciones en beneficio de ambas instituciones, de sus estudiantes y personal administrativo.<\/p>\n<p>Barrag\u00e1n V\u00e9lez agradeci\u00f3 el apoyo brindado por el director general del IMCED, Agust\u00edn Villalvazo Ruiz, quien ha impulsado el trabajo conjunto con el subsistema educativo<\/p>\n","protected":false},"excerpt":{"rendered":"<p>&nbsp; Morelia, Michoac\u00e1n, a 6 de marzo de 2018.-\u00a0Con la finalidad de seguir impulsando la profesionalizaci\u00f3n docente, este martes se entregaron las constancias a las 665 profesoras y profesores del Telebachillerato Michoac\u00e1n que asistieron al curso de capacitaci\u00f3n \u201cEstrategias de la Ense\u00f1anza\u201d, impartido durante cuatro d\u00edas en las instalaciones del Instituto Michoacano de Ciencias de [&hellip;]<\/p>\n","protected":false},"author":2,"featured_media":51127,"comment_status":"closed","ping_status":"closed","sticky":false,"template":"","format":"standard","meta":{"footnotes":""},"categories":[14,3,60],"tags":[],"class_list":["post-51126","post","type-post","status-publish","format-standard","has-post-thumbnail","hentry","category-destacadas","category-gobierno-del-estado-de-michoacan","category-michoacan"],"_links":{"self":[{"href":"https:\/\/radiowebmx.com\/nota\/wp-json\/wp\/v2\/posts\/51126","targetHints":{"allow":["GET"]}}],"collection":[{"href":"https:\/\/radiowebmx.com\/nota\/wp-json\/wp\/v2\/posts"}],"about":[{"href":"https:\/\/radiowebmx.com\/nota\/wp-json\/wp\/v2\/types\/post"}],"author":[{"embeddable":true,"href":"https:\/\/radiowebmx.com\/nota\/wp-json\/wp\/v2\/users\/2"}],"replies":[{"embeddable":true,"href":"https:\/\/radiowebmx.com\/nota\/wp-json\/wp\/v2\/comments?post=51126"}],"version-history":[{"count":1,"href":"https:\/\/radiowebmx.com\/nota\/wp-json\/wp\/v2\/posts\/51126\/revisions"}],"predecessor-version":[{"id":51128,"href":"https:\/\/radiowebmx.com\/nota\/wp-json\/wp\/v2\/posts\/51126\/revisions\/51128"}],"wp:featuredmedia":[{"embeddable":true,"href":"https:\/\/radiowebmx.com\/nota\/wp-json\/wp\/v2\/media\/51127"}],"wp:attachment":[{"href":"https:\/\/radiowebmx.com\/nota\/wp-json\/wp\/v2\/media?parent=51126"}],"wp:term":[{"taxonomy":"category","embeddable":true,"href":"https:\/\/radiowebmx.com\/nota\/wp-json\/wp\/v2\/categories?post=51126"},{"taxonomy":"post_tag","embeddable":true,"href":"https:\/\/radiowebmx.com\/nota\/wp-json\/wp\/v2\/tags?post=51126"}],"curies":[{"name":"wp","href":"https:\/\/api.w.org\/{rel}","templated":true}]}}