{"id":51116,"date":"2018-03-07T11:47:00","date_gmt":"2018-03-07T17:47:00","guid":{"rendered":"https:\/\/radiowebmx.com\/nota\/?p=51116"},"modified":"2018-03-07T12:07:36","modified_gmt":"2018-03-07T18:07:36","slug":"51116-2","status":"publish","type":"post","link":"https:\/\/radiowebmx.com\/nota\/51116-2\/","title":{"rendered":"Inauguran obras en el Plantel Gabriel Zamora del Cobaem"},"content":{"rendered":"<p><img loading=\"lazy\" decoding=\"async\" class=\"\" src=\"https:\/\/gallery.mailchimp.com\/c3679d81029880892ab85d106\/images\/c84fbd4e-6df4-4ff7-a24c-3845b93e239b.jpeg\" width=\"400\" height=\"300\" \/><\/p>\n<ul>\n<li><strong>La inversi\u00f3n de 1.2 millones de pesos, beneficiar\u00e1 a 590 estudiantes.<\/strong><\/li>\n<\/ul>\n<p>&nbsp;<\/p>\n<p><strong>Gabriel Zamora, Michoac\u00e1n, a 7 de marzo de 2018.-<\/strong>\u00a0Hacer que la educaci\u00f3n media superior sea de calidad para las alumnas y los alumnos del Colegio de Bachilleres del Estado de Michoac\u00e1n (Cobaem), es uno de los retos de la presente administraci\u00f3n, se\u00f1al\u00f3 el director general, Gaspar Romero Campos.<\/p>\n<p>Por ello, asisti\u00f3 a la inauguraci\u00f3n de espacios sanitarios y prefectura del Plantel Gabriel Zamora, cuyas obras beneficiar\u00e1n a 590 j\u00f3venes de este centro educativo.<\/p>\n<p>Gaspar Romero Campos indic\u00f3 que se trabaja en conjunto con los ayuntamientos, madres y padres de familia para lograr mejorar la infraestructura y equipamiento de los planteles de este subsistema educativo.<\/p>\n<p>&#8220;Estas acciones han permitido cumplir con uno de los lineamientos planteados por el Gobernador del Estado Silvano Aureoles Conejo, que es el fortalecer los planteles y brindar una mejor educaci\u00f3n para nuestros y nuestras bachilleres\u201d.<\/p>\n<p>En su intervenci\u00f3n, Alejandro Cervantes, presidente de la sociedad de alumnos, agradeci\u00f3 a autoridades gubernamentales la entrega de estas obras, &#8220;podemos decir que la gesti\u00f3n que se hizo al Gobernador Silvano Aureoles, es totalmente un hecho&#8221;.<\/p>\n<p>Cabe mencionar que la inversi\u00f3n de la prefectura ascendi\u00f3 a la cantidad de 55 mil pesos y fue gracias a las aportaciones de la Direcci\u00f3n General del Cobaem, del personal docente y administrativo del plantel, as\u00ed como del patronato de padres y madres de familia; en tanto que los sanitarios tuvieron un costo de un mill\u00f3n 150 mil pesos, aportaci\u00f3n del Instituto de la Infraestructura F\u00edsica Educativa del Estado de Michoac\u00e1n (IIFEEM) y del Gobierno del Estado.<\/p>\n<p>Acompa\u00f1aron al Director General del Cobaem en la inauguraci\u00f3n de estas obras, el edil de Gabriel Zamora, Juan Francisco Villanueva Mora; el director del Instituto para la Capacitaci\u00f3n y el Trabajo del Estado de Michoac\u00e1n (Icatmi), Iv\u00e1n Madero Naranjo; Alfredo Torres Robledo, subdirector del IIFEEM y representante de la titular de dicho Instituto, Mar\u00eda Guadalupe D\u00edaz Chagolla; el coordinador sectorial No.5, Miguel \u00c1ngel Olivares Gonz\u00e1lez; el director del Plantel Gabriel Zamora, Paulo C\u00e9sar Solorio V\u00e1zquez y el presidente de la asociaci\u00f3n de padres y madres de familia, Francisco Ram\u00edrez.<br \/>\n<img loading=\"lazy\" decoding=\"async\" class=\"\" src=\"https:\/\/gallery.mailchimp.com\/c3679d81029880892ab85d106\/images\/a0dd58dd-c775-4c01-96ac-70ce9bbb3202.jpeg\" width=\"400\" height=\"300\" \/><\/p>\n","protected":false},"excerpt":{"rendered":"<p>La inversi\u00f3n de 1.2 millones de pesos, beneficiar\u00e1 a 590 estudiantes. &nbsp; Gabriel Zamora, Michoac\u00e1n, a 7 de marzo de 2018.-\u00a0Hacer que la educaci\u00f3n media superior sea de calidad para las alumnas y los alumnos del Colegio de Bachilleres del Estado de Michoac\u00e1n (Cobaem), es uno de los retos de la presente administraci\u00f3n, se\u00f1al\u00f3 el [&hellip;]<\/p>\n","protected":false},"author":2,"featured_media":51117,"comment_status":"closed","ping_status":"closed","sticky":false,"template":"","format":"standard","meta":{"footnotes":""},"categories":[14,3,60],"tags":[],"class_list":["post-51116","post","type-post","status-publish","format-standard","has-post-thumbnail","hentry","category-destacadas","category-gobierno-del-estado-de-michoacan","category-michoacan"],"_links":{"self":[{"href":"https:\/\/radiowebmx.com\/nota\/wp-json\/wp\/v2\/posts\/51116","targetHints":{"allow":["GET"]}}],"collection":[{"href":"https:\/\/radiowebmx.com\/nota\/wp-json\/wp\/v2\/posts"}],"about":[{"href":"https:\/\/radiowebmx.com\/nota\/wp-json\/wp\/v2\/types\/post"}],"author":[{"embeddable":true,"href":"https:\/\/radiowebmx.com\/nota\/wp-json\/wp\/v2\/users\/2"}],"replies":[{"embeddable":true,"href":"https:\/\/radiowebmx.com\/nota\/wp-json\/wp\/v2\/comments?post=51116"}],"version-history":[{"count":2,"href":"https:\/\/radiowebmx.com\/nota\/wp-json\/wp\/v2\/posts\/51116\/revisions"}],"predecessor-version":[{"id":51119,"href":"https:\/\/radiowebmx.com\/nota\/wp-json\/wp\/v2\/posts\/51116\/revisions\/51119"}],"wp:featuredmedia":[{"embeddable":true,"href":"https:\/\/radiowebmx.com\/nota\/wp-json\/wp\/v2\/media\/51117"}],"wp:attachment":[{"href":"https:\/\/radiowebmx.com\/nota\/wp-json\/wp\/v2\/media?parent=51116"}],"wp:term":[{"taxonomy":"category","embeddable":true,"href":"https:\/\/radiowebmx.com\/nota\/wp-json\/wp\/v2\/categories?post=51116"},{"taxonomy":"post_tag","embeddable":true,"href":"https:\/\/radiowebmx.com\/nota\/wp-json\/wp\/v2\/tags?post=51116"}],"curies":[{"name":"wp","href":"https:\/\/api.w.org\/{rel}","templated":true}]}}