{"id":51095,"date":"2018-03-07T11:13:07","date_gmt":"2018-03-07T17:13:07","guid":{"rendered":"https:\/\/radiowebmx.com\/nota\/?p=51095"},"modified":"2018-03-07T11:13:07","modified_gmt":"2018-03-07T17:13:07","slug":"gran-avance-muestra-el-cableado-subterraneo-en-capula","status":"publish","type":"post","link":"https:\/\/radiowebmx.com\/nota\/gran-avance-muestra-el-cableado-subterraneo-en-capula\/","title":{"rendered":"Gran avance muestra el cableado subterr\u00e1neo en Capula"},"content":{"rendered":"<p><img loading=\"lazy\" decoding=\"async\" class=\"\" src=\"https:\/\/gallery.mailchimp.com\/4006ac058ed166735585eb757\/images\/6308a8a9-4df2-4c31-a3af-33dff3026b50.jpg\" width=\"400\" height=\"266\" \/><\/p>\n<ul>\n<li><strong>Se sigue avanzando en la consolidaci\u00f3n de la tenencia como un importante destino municipal.<\/strong><\/li>\n<li><strong>Se prev\u00e9 que la obra sea inaugurada en el periodo vacacional de Semana Santa.<\/strong><\/li>\n<\/ul>\n<div>\nCon la finalidad de cumplir la instrucci\u00f3n del Alcalde Alfonso Mart\u00ednez Alc\u00e1zar, de consolidar a Capula como un atractivo tur\u00edstico de Morelia, el Ayuntamiento Capitalino en conjunto con la Comisi\u00f3n Federal de Electricidad (CFE) realizan una constante supervisi\u00f3n en esta tenencia en donde se trabaja con el cambio de cableado a\u00e9reo a subterr\u00e1neo, que ser\u00e1 inaugurado en poco tiempo.<\/p>\n<p>A trav\u00e9s de un recorrido de supervisi\u00f3n en donde estuvieron presentes el Secretario de Servicios P\u00fablicos Municipales, Jos\u00e9 Luis Gil V\u00e1zquez; la Secretaria de Turismo de Morelia, Thelma Aquique Arrieta; as\u00ed como autoridades de CFE y representantes de empresas privadas de televisi\u00f3n por cable, se mostraron los avances que lleva esta obra en donde ya se ha retirado parte del cableado a\u00e9reo y se encuentran habilitadas algunas de las nuevas luminarias que cambiar\u00e1n la imagen de la avenida principal de Capula.<\/p>\n<p>Aquique Arrieta y Gil V\u00e1zquez mostraron su agradecimiento por la colaboraci\u00f3n y coordinaci\u00f3n que existe con las dem\u00e1s instancias involucradas, ya que este trabajo es muestra del objetivo del Alcalde Alfonso Mart\u00ednez de lograr la transformaci\u00f3n de la imagen urbana y la modernizaci\u00f3n de Capula, para proyectarla como un atractivo tur\u00edstico y fortalecerle como candidata a ser nombrada Pueblo M\u00e1gico.<\/p>\n<p>La imagen urbana es uno de los requisitos para poder convertir a Capula en Pueblo M\u00e1gico, por lo que la Secretaria de Turismo destac\u00f3 que con la conclusi\u00f3n de esta obra se estar\u00e1 dando un paso importante para lograr dicho objetivo, que beneficiar\u00e1 ampliamente a los habitantes de esta tenencia al impulsarla econ\u00f3micamente a trav\u00e9s del turismo.<\/p>\n<p>Por su parte, el Secretario de Servicios P\u00fablicos Municipales extendi\u00f3 el saludo del Presidente Municipal e hizo extensivo el agradecimiento a los habitantes por la paciencia y el apoyo brindado durante los trabajos de dicha obra. Asimismo, invit\u00f3 a los habitantes de Capula a que recorran la avenida principal de la tenencia y sean testigos de esta nueva propuesta de alumbrado que concluir\u00e1 en pr\u00f3ximos d\u00edas.<\/p>\n<p>Aquique Arrieta coment\u00f3 que esta obra ser\u00e1 concluida en pr\u00f3ximos d\u00edas, por lo que se espera poder inaugurarla durante el periodo vacacional de Semana Santa, periodo en el que tambi\u00e9n se prev\u00e9 una gran afluencia de turistas para conocer la propuesta gastron\u00f3mica de esta tenencia, que cada d\u00eda se consolida m\u00e1s como un importante destino dentro del municipio.<\/p><\/div>\n<div><\/div>\n<div><img loading=\"lazy\" decoding=\"async\" class=\"\" src=\"https:\/\/gallery.mailchimp.com\/4006ac058ed166735585eb757\/images\/16a20a55-1b47-4d75-99c8-baeedbee8ff9.jpg\" width=\"400\" height=\"266\" \/><\/div>\n","protected":false},"excerpt":{"rendered":"<p>Se sigue avanzando en la consolidaci\u00f3n de la tenencia como un importante destino municipal. Se prev\u00e9 que la obra sea inaugurada en el periodo vacacional de Semana Santa. Con la finalidad de cumplir la instrucci\u00f3n del Alcalde Alfonso Mart\u00ednez Alc\u00e1zar, de consolidar a Capula como un atractivo tur\u00edstico de Morelia, el Ayuntamiento Capitalino en conjunto [&hellip;]<\/p>\n","protected":false},"author":2,"featured_media":51096,"comment_status":"closed","ping_status":"closed","sticky":false,"template":"","format":"standard","meta":{"footnotes":""},"categories":[14,60,9],"tags":[],"class_list":["post-51095","post","type-post","status-publish","format-standard","has-post-thumbnail","hentry","category-destacadas","category-michoacan","category-morelia"],"_links":{"self":[{"href":"https:\/\/radiowebmx.com\/nota\/wp-json\/wp\/v2\/posts\/51095","targetHints":{"allow":["GET"]}}],"collection":[{"href":"https:\/\/radiowebmx.com\/nota\/wp-json\/wp\/v2\/posts"}],"about":[{"href":"https:\/\/radiowebmx.com\/nota\/wp-json\/wp\/v2\/types\/post"}],"author":[{"embeddable":true,"href":"https:\/\/radiowebmx.com\/nota\/wp-json\/wp\/v2\/users\/2"}],"replies":[{"embeddable":true,"href":"https:\/\/radiowebmx.com\/nota\/wp-json\/wp\/v2\/comments?post=51095"}],"version-history":[{"count":1,"href":"https:\/\/radiowebmx.com\/nota\/wp-json\/wp\/v2\/posts\/51095\/revisions"}],"predecessor-version":[{"id":51097,"href":"https:\/\/radiowebmx.com\/nota\/wp-json\/wp\/v2\/posts\/51095\/revisions\/51097"}],"wp:featuredmedia":[{"embeddable":true,"href":"https:\/\/radiowebmx.com\/nota\/wp-json\/wp\/v2\/media\/51096"}],"wp:attachment":[{"href":"https:\/\/radiowebmx.com\/nota\/wp-json\/wp\/v2\/media?parent=51095"}],"wp:term":[{"taxonomy":"category","embeddable":true,"href":"https:\/\/radiowebmx.com\/nota\/wp-json\/wp\/v2\/categories?post=51095"},{"taxonomy":"post_tag","embeddable":true,"href":"https:\/\/radiowebmx.com\/nota\/wp-json\/wp\/v2\/tags?post=51095"}],"curies":[{"name":"wp","href":"https:\/\/api.w.org\/{rel}","templated":true}]}}