{"id":51015,"date":"2018-03-02T21:10:20","date_gmt":"2018-03-03T03:10:20","guid":{"rendered":"https:\/\/radiowebmx.com\/nota\/?p=51015"},"modified":"2018-03-05T12:00:31","modified_gmt":"2018-03-05T18:00:31","slug":"tras-casi-10-anos-de-espera-entrega-gobernador-centro-de-salud-de-aquila","status":"publish","type":"post","link":"https:\/\/radiowebmx.com\/nota\/tras-casi-10-anos-de-espera-entrega-gobernador-centro-de-salud-de-aquila\/","title":{"rendered":"Tras casi 10 a\u00f1os de espera, entrega Gobernador Centro de Salud de Aquila"},"content":{"rendered":"<p><img loading=\"lazy\" decoding=\"async\" class=\"\" src=\"https:\/\/gallery.mailchimp.com\/c3679d81029880892ab85d106\/images\/9337def1-8ef7-4bae-be03-3c428982a347.jpg\" width=\"401\" height=\"225\" \/><\/p>\n<ul>\n<li><strong>Desde el a\u00f1o 2009, la obra qued\u00f3 en el abandono; fueron invertidos 7 mdp para su conclusi\u00f3n.<\/strong><\/li>\n<li><strong>El pueblo de Aquila estar\u00e1 agradecido por siempre por esta obra; destaca el director general del Centro de Salud, Abraham Espinosa.<\/strong><\/li>\n<li><strong>Adem\u00e1s, entrega la construcci\u00f3n del Relleno Sanitario, que requiri\u00f3 una inversi\u00f3n de 4 mdp; y cort\u00f3 el list\u00f3n inaugural de la construcci\u00f3n de las techumbres de la Secundaria Federal \u201cJos\u00e9 Mar\u00eda Morelos\u201d y del Jard\u00edn de Ni\u00f1os de &#8220;Faro de Bucer\u00edas&#8221;, obras en que se invirtieron m\u00e1s de 3 mdp.<\/strong><\/li>\n<\/ul>\n<p><strong>Aquila, Michoac\u00e1n, a 2 de marzo de 2018.-<\/strong>\u00a0Tuvieron que pasar casi diez a\u00f1os para que el Centro de Salud de Aquila fuera concluido y equipado, por lo que este viernes el Gobernador Constitucional Silvano Aureoles Conejo entreg\u00f3 la obra que tuvo una inversi\u00f3n de 7 millones de pesos y beneficiar\u00e1 a m\u00e1s de 24 mil habitantes de esta regi\u00f3n de la entidad.<\/p>\n<p>Ante las y los beneficiarios, que lo recibieron con aplausos y porras, el mandatario michoacano reiter\u00f3 su compromiso para mejorar la atenci\u00f3n y elevar la capacidad de servicios m\u00e9dicos. &#8220;Al inicio de la administraci\u00f3n la determinaci\u00f3n fue atender el rezago que en materia de salud hab\u00eda&#8221;, enfatiz\u00f3.<\/p>\n<p>Las y los habitantes de Aquila mostraron su agradecimiento al mandatario estatal por la conclusi\u00f3n del Centro, mientras que Aureoles Conejo resalt\u00f3 que uno de sus principales compromisos es pasar del 70 al 90 por ciento de atenci\u00f3n en materia de salud al concluir su administraci\u00f3n, para hacer llegar los servicios a quienes m\u00e1s lo requieren sin importar la distancia, pues por poner un ejemplo, separan a este Centro de Salud de la capital del estado casi 400 kil\u00f3metros.<\/p>\n<p>El titular del Ejecutivo estatal dej\u00f3 en claro que sin importar si son cl\u00ednicas en comunidades alejadas -como Aquila- o en ciudades como Morelia, el abastecimiento de medicamentos se realizar\u00e1 de manera transparente y los servicios se eficientar\u00e1n, pues su prioridad es mejorar las condiciones de vida la gente y \u201charemos todo lo que est\u00e9 a nuestro alcance para lograr la cobertura de salud\u201d.<\/p>\n<p>El secretario de Salud en el Estado, El\u00edas Ibarra Torres, record\u00f3 que al inicio de esta administraci\u00f3n se detectaron 38 obras &#8220;olvidadas y abandonadas&#8221; por gobiernos anteriores, por lo que se tom\u00f3 la decisi\u00f3n de implementar un programa enfocado a rehabilitar y concluir los Centros se Salud, Casas de Salud y Hospitales en beneficio de las michoacanas y los michoacanos, programa que ninguna entidad del pa\u00eds tiene.<\/p>\n<p>Inform\u00f3 que mil 35 consultorios se encuentran conectados a trav\u00e9s del Sistema de Registro de Salud, mediante el cual tambi\u00e9n ser\u00e1 vigilada la entrega de medicamento. &#8220;La salud ser\u00e1 el detonante de desarrollo en esta administraci\u00f3n&#8221;, refiri\u00f3.<\/p>\n<p>El director general del R\u00e9gimen Estatal de Protecci\u00f3n Social de Salud (Seguro Popular), Germ\u00e1n Ortega Silva, detall\u00f3 que en la Jurisdicci\u00f3n Sanitaria de L\u00e1zaro C\u00e1rdenas, conformada por seis municipios de la Sierra &#8211; Costa de la entidad, se encuentran 28 unidades m\u00e9dicas y a trav\u00e9s del Seguro Popular se puede acceder sin costo a m\u00e1s de mil 600 atenciones m\u00e9dicas, las cuales se encuentran dentro del cat\u00e1logo universal de este rubro.<\/p>\n<p>Abund\u00f3 que tan s\u00f3lo durante 2017 se cuantificaron 127 mil atenciones ante la plataforma de registro a nivel nacional, por lo que Michoac\u00e1n se coloc\u00f3 entre las cuatro mejores entidades evaluadas por la Comisi\u00f3n Nacional de Salud. Los diversos servicios generaron una aportaci\u00f3n de mil 600 millones de pesos financiados por este r\u00e9gimen.<\/p>\n<p>El presidente municipal de Aquila, Jos\u00e9 Luis Arteaga Olivares, reconoci\u00f3 el inter\u00e9s del Gobernador Silvano Aureoles. &#8220;La conclusi\u00f3n del Centro de Salud es una realidad porque existe un firme compromiso del mandatario estatal, la salud es una de sus prioridades&#8221;.<\/p>\n<p>El director general del Centro de Salud de Aquila, Abraham Espinosa Villa, habl\u00f3 del nulo inter\u00e9s que existi\u00f3 en a\u00f1os anteriores por las autoridades para concluir este espacio.<\/p>\n<p>&#8220;Esto no ser\u00eda una realidad si no existiera la gran voluntad de nuestro Gobernador. Cu\u00e1ntos gobiernos tuvieron que pasar e hicieron caso omiso a una de las necesidades m\u00e1s sentidas de la poblaci\u00f3n como es la salud&#8221;, expres\u00f3.<\/p>\n<p>Ante las y los pobladores de Aquila dijo: &#8220;tenemos un Gobernador comprometido y que se entrega a su pueblo y que sabe cu\u00e1les son las carencias&#8221;.<\/p>\n<p>Es importante destacar que para esta obra se invirtieron 7 millones de pesos, de los cuales 5.4 millones de pesos se destinaron a la edificaci\u00f3n y 1.4 millones de pesos para el equipamiento.<\/p>\n<p>El Centro de Salud de Aquila cuenta con \u00e1rea para consultorios m\u00e9dicos, estomatolog\u00eda, curaci\u00f3n e inmunizaciones, hidrataci\u00f3n oral, estimulaci\u00f3n temprana, sala de expulsi\u00f3n, estancia corta, farmacia, archivo cl\u00ednico, sanitarios y central de enfermeras.<\/p>\n<p>Adem\u00e1s, el mandatario estatal entreg\u00f3 una ambulancia al personal del Centro de Salud de Aquila.<\/p>\n<p><strong>Inaugura Gobernador obras en Aquila<\/strong><\/p>\n<p>Con el objetivo de mejorar las condiciones de vida de las y los habitantes de Aquila, el Gobernador Constitucional Silvano Aureoles entreg\u00f3 obras p\u00fablicas valoradas en m\u00e1s de 7 millones de pesos.<\/p>\n<p>En un primer punto, el Gobernador de Michoac\u00e1n inaugur\u00f3 la construcci\u00f3n del Relleno Sanitario, Celda de Disposici\u00f3n Final y Fosa de Lixiviados, para lo cual se destinaron 4 millones de pesos.<br \/>\nDicha obra ayudar\u00e1 a que se eliminen cinco tiraderos a cielo abierto, as\u00ed como incrementar los sitios de disposici\u00f3n final con infraestructura adecuada, adem\u00e1s de minimizar los impactos al entorno por el manejo de residuos.<\/p>\n<p>En otro punto, Aureoles Conejo cort\u00f3 el list\u00f3n inaugural de la construcci\u00f3n de la techumbre de de la Secundaria Federal \u201cJos\u00e9 Mar\u00eda Morelos\u201d y de manera simb\u00f3lica la del Jard\u00edn de Ni\u00f1os de &#8220;Faro de Bucer\u00edas&#8221;, obras en que se invirtieron m\u00e1s de 3 mdp.<\/p>\n<p>Acompa\u00f1aron al Gobernador a esta gira de trabajo, la secretaria de la Contralor\u00eda y enlace estatal en la regi\u00f3n, Silvia Estrada Esquivel; el secretario de Seguridad P\u00fablica, Juan Bernardo Corona Mart\u00ednez; el secretario de Desarrollo Rural y Agroalimentario, Pascual Sigala P\u00e1ez; el jefe de la Jurisdicci\u00f3n Sanitaria de L\u00e1zaro C\u00e1rdenas, Juan Carlos Maga\u00f1a Aguilar, as\u00ed como diversas autoridades.<\/p>\n<p>&nbsp;<\/p>\n<p><img loading=\"lazy\" decoding=\"async\" class=\"\" src=\"https:\/\/gallery.mailchimp.com\/c3679d81029880892ab85d106\/images\/66235ece-5e26-4774-b699-fa9726f7bccb.jpg\" width=\"400\" height=\"266\" \/><\/p>\n","protected":false},"excerpt":{"rendered":"<p>Desde el a\u00f1o 2009, la obra qued\u00f3 en el abandono; fueron invertidos 7 mdp para su conclusi\u00f3n. El pueblo de Aquila estar\u00e1 agradecido por siempre por esta obra; destaca el director general del Centro de Salud, Abraham Espinosa. Adem\u00e1s, entrega la construcci\u00f3n del Relleno Sanitario, que requiri\u00f3 una inversi\u00f3n de 4 mdp; y cort\u00f3 el [&hellip;]<\/p>\n","protected":false},"author":2,"featured_media":51016,"comment_status":"closed","ping_status":"closed","sticky":false,"template":"","format":"standard","meta":{"footnotes":""},"categories":[14,3,60],"tags":[],"class_list":["post-51015","post","type-post","status-publish","format-standard","has-post-thumbnail","hentry","category-destacadas","category-gobierno-del-estado-de-michoacan","category-michoacan"],"_links":{"self":[{"href":"https:\/\/radiowebmx.com\/nota\/wp-json\/wp\/v2\/posts\/51015","targetHints":{"allow":["GET"]}}],"collection":[{"href":"https:\/\/radiowebmx.com\/nota\/wp-json\/wp\/v2\/posts"}],"about":[{"href":"https:\/\/radiowebmx.com\/nota\/wp-json\/wp\/v2\/types\/post"}],"author":[{"embeddable":true,"href":"https:\/\/radiowebmx.com\/nota\/wp-json\/wp\/v2\/users\/2"}],"replies":[{"embeddable":true,"href":"https:\/\/radiowebmx.com\/nota\/wp-json\/wp\/v2\/comments?post=51015"}],"version-history":[{"count":1,"href":"https:\/\/radiowebmx.com\/nota\/wp-json\/wp\/v2\/posts\/51015\/revisions"}],"predecessor-version":[{"id":51017,"href":"https:\/\/radiowebmx.com\/nota\/wp-json\/wp\/v2\/posts\/51015\/revisions\/51017"}],"wp:featuredmedia":[{"embeddable":true,"href":"https:\/\/radiowebmx.com\/nota\/wp-json\/wp\/v2\/media\/51016"}],"wp:attachment":[{"href":"https:\/\/radiowebmx.com\/nota\/wp-json\/wp\/v2\/media?parent=51015"}],"wp:term":[{"taxonomy":"category","embeddable":true,"href":"https:\/\/radiowebmx.com\/nota\/wp-json\/wp\/v2\/categories?post=51015"},{"taxonomy":"post_tag","embeddable":true,"href":"https:\/\/radiowebmx.com\/nota\/wp-json\/wp\/v2\/tags?post=51015"}],"curies":[{"name":"wp","href":"https:\/\/api.w.org\/{rel}","templated":true}]}}