{"id":51012,"date":"2018-03-03T17:47:15","date_gmt":"2018-03-03T23:47:15","guid":{"rendered":"https:\/\/radiowebmx.com\/nota\/?p=51012"},"modified":"2018-03-05T11:55:10","modified_gmt":"2018-03-05T17:55:10","slug":"entrega-gobernador-79-visas-a-palomas-mensajeras-y-obras-por-mas-de-12-mdp-en-ixtlan","status":"publish","type":"post","link":"https:\/\/radiowebmx.com\/nota\/entrega-gobernador-79-visas-a-palomas-mensajeras-y-obras-por-mas-de-12-mdp-en-ixtlan\/","title":{"rendered":"Entrega Gobernador 79 visas a Palomas Mensajeras y obras por m\u00e1s de 12 mdp en Ixtl\u00e1n"},"content":{"rendered":"<p><img loading=\"lazy\" decoding=\"async\" class=\"\" src=\"https:\/\/gallery.mailchimp.com\/c3679d81029880892ab85d106\/images\/02a9a57f-fcb7-4e19-baf0-87f75cc78b3f.jpeg\" width=\"400\" height=\"266\" \/><\/p>\n<ul>\n<li><strong>De manera simb\u00f3lica, el mandatario estatal entrega la reconstrucci\u00f3n de la plaza principal del municipio, as\u00ed como la pavimentaci\u00f3n de calles y otras obras.<\/strong><\/li>\n<li><strong>En esta intensa gira de trabajo Silvano Aureoles entreg\u00f3 tambi\u00e9n la Casa Ejidal en la comunidad El Valenciano.<\/strong><\/li>\n<li><strong>Conoci\u00f3 el proyecto CeMIE-Geo en g\u00e9iser de Ixtl\u00e1n.<\/strong><\/li>\n<\/ul>\n<p><strong>Ixtl\u00e1n de los Hervores, Michoac\u00e1n, a 3 de marzo de 2018.-<\/strong>\u00a0En un hecho in\u00e9dito y sin precedentes para Ixtl\u00e1n, el Gobernador Constitucional Silvano Aureoles Conejo entreg\u00f3 79 visas para igual n\u00famero de personas del programa de reunificaci\u00f3n familiar Palomas Mensajeras, adem\u00e1s de realizar la entrega de obras de infraestructura urbana por m\u00e1s de 12 millones de pesos.<\/p>\n<p>El mandatario estatal comparti\u00f3 que con la entrega de las visas de hoy, Ixtl\u00e1n suma 106 documentos otorgados, posicion\u00e1ndose as\u00ed como el primer municipio michoacano con mayor n\u00famero de beneficiarios y beneficiarias, quienes despu\u00e9s de hasta 30 a\u00f1os podr\u00e1n visitar a sus hijos, hijas, conocer a sus nietos y nietas, acci\u00f3n que forma parte del generoso programa Palomas Mensajeras que hoy por hoy tiene un alcance de 2 mil 600 visas otorgadas para hacer sue\u00f1os realidad.<\/p>\n<p>El director de proyectos de la Secretar\u00eda del Migrante, Felipe Ruiz L\u00f3pez detall\u00f3 que actualmente hay 111 grupos de Palomas Mensajeras de 91 municipios michoacanos, quienes son acompa\u00f1ados y respaldados por la dependencia y los ayuntamientos, tal y como lo ha instruido el Gobernador.<\/p>\n<p>Uno de los beneficiarios de este documento, V\u00edctor Manuel Cort\u00e9s\u00a0 agradeci\u00f3 al mandatario por este apoyo, &#8220;pues es algo que ni en sue\u00f1os hubi\u00e9ramos imaginado y hoy tenemos la gran satisfacci\u00f3n de que pronto podremos sentir en nuestros brazos a nuestro hijo e hijas y eso nos da una inmensa alegr\u00eda&#8221;.<\/p>\n<p>El titular del Ejecutivo Estatal tambi\u00e9n presidi\u00f3 el arranque de la reconstrucci\u00f3n de la Calle Uni\u00f3n, la cual se encontraba deteriorada y en cinco meses estar\u00e1 en \u00f3ptimas condiciones, con servicios de drenaje, agua potable y que tendr\u00e1 una inversi\u00f3n de un mill\u00f3n 500 mil pesos.<\/p>\n<p>Dentro de las obras que fueron entregadas tambi\u00e9n se encuentra la pavimentaci\u00f3n con concreto hidr\u00e1ulico de la calle Tel\u00e9grafos, realizada en dos etapas con una aportaci\u00f3n de 4 millones 200 mil pesos.<\/p>\n<p>El secretario de Comunicaciones y Obras P\u00fablicas, Jos\u00e9 Juan Dom\u00ednguez L\u00f3pez dijo que con ello se formaliza la entrega de acciones de infraestructura p\u00fablica en el municipio con una inversi\u00f3n de 12 millones de pesos.<\/p>\n<p>En un ambiente familiar y de sana convivencia, el mandatario michoacano visit\u00f3 y salud\u00f3 a familias de las comunidades y de la cabecera municipal, quienes adem\u00e1s lo recibieron con la Banda Regional de Ixtl\u00e1n de los Hervores, que ameniz\u00f3 los recorridos del Gobernador.<\/p>\n<p>En el marco de su intensa gira de trabajo por este municipio, Aureoles Conejo inaugur\u00f3 la Casa Ejidal en la comunidad de El Valenciano, donde expuso ante las y los ejidatarios la importancia de revitalizar y reconvertir la producci\u00f3n, de tal manera que el ejido sea un pilar para el desarrollo de la localidad.<\/p>\n<p>En esta acci\u00f3n conjunta entre los tres niveles de Gobierno, se beneficia a cerca de 142 familias que se re\u00fanen a revisar temas colectivos, obra que tuvo una aportaci\u00f3n de un mill\u00f3n 538 mil pesos. En el marco de la inauguraci\u00f3n tambi\u00e9n se entreg\u00f3 un tractor como parte del programa A Toda M\u00e1quina, con el que se refuerza la labor de las y los ejidatarios.<\/p>\n<p>En su participaci\u00f3n, el presidente municipal de Ixtl\u00e1n, \u00c1ngel Mac\u00edas Mora, agradeci\u00f3 al mandatario estatal por todo el apoyo brindado al municipio y resalt\u00f3 su gran compromiso y cercan\u00eda con las comunidades.<\/p>\n<p>El titular del Ejecutivo Estatal acompa\u00f1\u00f3 tambi\u00e9n al edil a la inauguraci\u00f3n de la Cancha de Basquetbol en la comunidad La Plaza del Lim\u00f3n, misma que tuvo una inversi\u00f3n de 900 mil pesos; ah\u00ed Aureoles Conejo comprometi\u00f3 apoyar en la colocaci\u00f3n de la techumbre, en beneficio de las ni\u00f1as, los ni\u00f1os y j\u00f3venes que tendr\u00e1n un espacio m\u00e1s de recreaci\u00f3n.<\/p>\n<p>En compa\u00f1\u00eda de miembros de su Gabinete, el mandatario michoacano visit\u00f3 el Parque del G\u00e9iser, donde conoci\u00f3 c\u00f3mo opera la fase final del Centro Mexicano de Innovaci\u00f3n en Energ\u00eda Geot\u00e9rmica (CeMIE-Geo), a cargo de investigadores de la Universidad Michoacana de San Nicol\u00e1s de Hidalgo, con recursos fondeados por la Secretar\u00eda de Energ\u00eda federal (Sener) y el Consejo Nacional de Ciencia y Tecnolog\u00eda (Conacyt).<\/p>\n<p>El titular del Ejecutivo estatal destac\u00f3 su inter\u00e9s por que se impulsen este tipo de proyectos y ampliar el aprovechamiento de fuentes alternativas de energ\u00eda que son m\u00e1s sustentables.<\/p>\n<p>Los investigadores de la UMSNH Carlos Rubio Maya y Julio Vargas Medina, explicaron al Gobernador que este proyecto opera desde hace tres a\u00f1os en el g\u00e9iser de Ixtl\u00e1n y con una inversi\u00f3n de 30 millones de pesos, recursos gestionados ante la Sener y el Conacyt a trav\u00e9s del CeMIE-Geo, es el primer sistema de su tipo en Am\u00e9rica Latina de aprovechamiento en cascada de energ\u00eda geot\u00e9rmica.<\/p>\n<p>Actualmente, es capaz de producir energ\u00eda el\u00e9ctrica para 60 hogares, crear una tonelada de hielo para bebidas, operar un sistema de climatizaci\u00f3n de 50 toneladas de refrigeraci\u00f3n para productos frescos y una planta de deshidrataci\u00f3n de hasta una tonelada diaria de productos agr\u00edcolas.<\/p>\n<p>Mencionaron que esta instalaci\u00f3n tiene fines demostrativos y de investigaci\u00f3n, pero es un incentivo para que empresas se instalen en esta regi\u00f3n, ya que de ampliarse el proyecto, puede llegar a abastecer de electricidad el equivalente a 600 hogares al aprovechar el potencial geot\u00e9rmico del g\u00e9iser de Ixtl\u00e1n.<\/p>\n<p>Durante esta gira, a petici\u00f3n de integrantes del Grupo Alegr\u00eda de Vivir, -conformado por adultos y adultas mayores- el Gobernador se pronunci\u00f3 por apoyarlos para que puedan visitar la Costa Michoacana y disfruten de las maravillas que albergan las playas de la entidad.<\/p>\n<p>A esta gira de trabajo acudieron el secretario de Seguridad P\u00fablica, Juan Bernardo Corona Mart\u00ednez; la titular del Instituto de la Juventud Michoacana y enlace del Gobierno del Estado con el municipio, Giulianna Bugarini Torres; el Comandante del D\u00e9cimo S\u00e9ptimo Batall\u00f3n de Zamora, coronel Jos\u00e9 Manuel Jim\u00e9nez Miranda; el director del R\u00e9gimen Estatal de Protecci\u00f3n Social en Salud (Seguro Popular) y padrino del municipio, Germ\u00e1n Ortega Silva y representantes de los medios de comunicaci\u00f3n.<\/p>\n<p>&nbsp;<\/p>\n<p><img loading=\"lazy\" decoding=\"async\" class=\"\" src=\"https:\/\/gallery.mailchimp.com\/c3679d81029880892ab85d106\/images\/86beeb62-d33c-4afb-9de2-95502d4a4471.jpeg\" width=\"401\" height=\"267\" \/><\/p>\n<p>&nbsp;<\/p>\n<p><img loading=\"lazy\" decoding=\"async\" class=\"\" src=\"https:\/\/gallery.mailchimp.com\/c3679d81029880892ab85d106\/images\/cbf202bf-d964-49ae-b0df-3acc29d50752.jpeg\" width=\"400\" height=\"266\" \/><\/p>\n","protected":false},"excerpt":{"rendered":"<p>De manera simb\u00f3lica, el mandatario estatal entrega la reconstrucci\u00f3n de la plaza principal del municipio, as\u00ed como la pavimentaci\u00f3n de calles y otras obras. En esta intensa gira de trabajo Silvano Aureoles entreg\u00f3 tambi\u00e9n la Casa Ejidal en la comunidad El Valenciano. Conoci\u00f3 el proyecto CeMIE-Geo en g\u00e9iser de Ixtl\u00e1n. Ixtl\u00e1n de los Hervores, Michoac\u00e1n, [&hellip;]<\/p>\n","protected":false},"author":2,"featured_media":51013,"comment_status":"closed","ping_status":"closed","sticky":false,"template":"","format":"standard","meta":{"footnotes":""},"categories":[14,3,60],"tags":[],"class_list":["post-51012","post","type-post","status-publish","format-standard","has-post-thumbnail","hentry","category-destacadas","category-gobierno-del-estado-de-michoacan","category-michoacan"],"_links":{"self":[{"href":"https:\/\/radiowebmx.com\/nota\/wp-json\/wp\/v2\/posts\/51012","targetHints":{"allow":["GET"]}}],"collection":[{"href":"https:\/\/radiowebmx.com\/nota\/wp-json\/wp\/v2\/posts"}],"about":[{"href":"https:\/\/radiowebmx.com\/nota\/wp-json\/wp\/v2\/types\/post"}],"author":[{"embeddable":true,"href":"https:\/\/radiowebmx.com\/nota\/wp-json\/wp\/v2\/users\/2"}],"replies":[{"embeddable":true,"href":"https:\/\/radiowebmx.com\/nota\/wp-json\/wp\/v2\/comments?post=51012"}],"version-history":[{"count":1,"href":"https:\/\/radiowebmx.com\/nota\/wp-json\/wp\/v2\/posts\/51012\/revisions"}],"predecessor-version":[{"id":51014,"href":"https:\/\/radiowebmx.com\/nota\/wp-json\/wp\/v2\/posts\/51012\/revisions\/51014"}],"wp:featuredmedia":[{"embeddable":true,"href":"https:\/\/radiowebmx.com\/nota\/wp-json\/wp\/v2\/media\/51013"}],"wp:attachment":[{"href":"https:\/\/radiowebmx.com\/nota\/wp-json\/wp\/v2\/media?parent=51012"}],"wp:term":[{"taxonomy":"category","embeddable":true,"href":"https:\/\/radiowebmx.com\/nota\/wp-json\/wp\/v2\/categories?post=51012"},{"taxonomy":"post_tag","embeddable":true,"href":"https:\/\/radiowebmx.com\/nota\/wp-json\/wp\/v2\/tags?post=51012"}],"curies":[{"name":"wp","href":"https:\/\/api.w.org\/{rel}","templated":true}]}}