{"id":50976,"date":"2018-03-02T14:54:19","date_gmt":"2018-03-02T20:54:19","guid":{"rendered":"https:\/\/radiowebmx.com\/nota\/?p=50976"},"modified":"2018-03-02T14:54:19","modified_gmt":"2018-03-02T20:54:19","slug":"sin-debido-acompanamiento-enfermos-de-vih-por-parte-de-instancias-de-salud-andrea-villanueva","status":"publish","type":"post","link":"https:\/\/radiowebmx.com\/nota\/sin-debido-acompanamiento-enfermos-de-vih-por-parte-de-instancias-de-salud-andrea-villanueva\/","title":{"rendered":"Sin debido acompa\u00f1amiento enfermos de VIH por parte de instancias de salud: Andrea Villanueva"},"content":{"rendered":"<ul>\n<li class=\"x_gmail-MsoNoSpacing\"><strong>La diputada panista reiter\u00f3 la urgencia de aprobar la iniciativa que present\u00f3 para integrar al\u00a0\u00a0\u00a0COESIDA\u00a0\u00a0en la Ley de Salud<\/strong><\/li>\n<\/ul>\n<p class=\"x_gmail-MsoNoSpacing\"><b>\u00a0<\/b><\/p>\n<p class=\"x_gmail-MsoNoSpacing\"><b>Morelia; Michoac\u00e1n, 02 de marzo de 2018.-\u00a0\u00a0\u00a0<\/b>Al calificar de lamentable y preocupante que sigan present\u00e1ndose casos de pacientes del Virus de Inmunodeficiencia Humana y el S\u00edndrome de Inmunodeficiencia Adquirida, quienes carecen de un debido acompa\u00f1amiento por parte de las instancias responsables de salud, la diputada de Distrito XVII de Morelia, pidi\u00f3 dar celeridad a la iniciativa que present\u00f3 para la integraci\u00f3n del Consejo Estatal para la Prevenci\u00f3n y Control del S\u00edndrome de Inmunodeficiencia Adquirida (COESIDA) en la Ley de Salud.<\/p>\n<p class=\"x_gmail-MsoNoSpacing\">Villanueva Cano lament\u00f3 que no se reconozca la importancia de aprobar temas como \u00e9ste, puesto que el trabajo legislativo que se impulsa a trav\u00e9s de estas reformas, ha sido enriquecido con la colaboraci\u00f3n de asociaciones que mantienen campa\u00f1as permanentes de acompa\u00f1amiento, prevenci\u00f3n e informaci\u00f3n oportuna, para que la sociedad conozca sobre estos padecimientos, erradique estigmas y esto les permita a los pacientes acceder a una mejor calidad de vida.<\/p>\n<p class=\"x_gmail-MsoNoSpacing\">\u201cLa falta de pol\u00edticas p\u00fablicas que fortalezcan y mejoren su trabajo preventivo, puede derivar en lamentables casos que nos duelen como sociedad y nos duelen m\u00e1s porque en caso de haber tenido un diagn\u00f3stico oportuno, as\u00ed como un acompa\u00f1amiento psicol\u00f3gico y emocional inmediato, podr\u00edamos hablar de pacientes con mayores oportunidades\u201d, argument\u00f3 la legisladora panista.<\/p>\n<p class=\"x_gmail-MsoNoSpacing\">Cabe se\u00f1alar que dichas reformas, destacan por el fortalecimiento de la promoci\u00f3n y coordinaci\u00f3n entre dependencias federales, estatales y municipales, a fin de implementar programas para la prevenci\u00f3n y control del Virus de Inmunodeficiencia Humana, del S\u00edndrome de Inmunodeficiencia Adquirida, as\u00ed como de otras enfermedades de transmisi\u00f3n sexual.<\/p>\n<p class=\"x_gmail-MsoNoSpacing\">Por ello, Villanueva Cano reiter\u00f3 su petici\u00f3n para que dichas reformas sean analizadas en Comisiones y se le realicen las adecuaciones pertinentes, a fin de que sea el Pleno del Congreso local, en donde con el consenso necesario, se les brinden\u00a0\u00a0respuestas claras y se den muestras del compromiso que se tiene con estos pacientes.<\/p>\n<p class=\"x_gmail-MsoNoSpacing\">Finalmente, Andrea Villanueva asegur\u00f3\u00a0\u00a0tanto a las familias de los pacientes como a quienes hoy enfrentan estos padecimientos,\u00a0\u00a0que desde este Poder Legislativo, habr\u00e1n de brindarles de las herramientas legales necesarias para enfrentar de mejor manera los retos que conllevan estas enfermedades.<\/p>\n","protected":false},"excerpt":{"rendered":"<p>La diputada panista reiter\u00f3 la urgencia de aprobar la iniciativa que present\u00f3 para integrar al\u00a0\u00a0\u00a0COESIDA\u00a0\u00a0en la Ley de Salud \u00a0 Morelia; Michoac\u00e1n, 02 de marzo de 2018.-\u00a0\u00a0\u00a0Al calificar de lamentable y preocupante que sigan present\u00e1ndose casos de pacientes del Virus de Inmunodeficiencia Humana y el S\u00edndrome de Inmunodeficiencia Adquirida, quienes carecen de un debido acompa\u00f1amiento [&hellip;]<\/p>\n","protected":false},"author":2,"featured_media":50977,"comment_status":"closed","ping_status":"closed","sticky":false,"template":"","format":"standard","meta":{"footnotes":""},"categories":[6,14],"tags":[],"class_list":["post-50976","post","type-post","status-publish","format-standard","has-post-thumbnail","hentry","category-congreso-del-estado","category-destacadas"],"_links":{"self":[{"href":"https:\/\/radiowebmx.com\/nota\/wp-json\/wp\/v2\/posts\/50976","targetHints":{"allow":["GET"]}}],"collection":[{"href":"https:\/\/radiowebmx.com\/nota\/wp-json\/wp\/v2\/posts"}],"about":[{"href":"https:\/\/radiowebmx.com\/nota\/wp-json\/wp\/v2\/types\/post"}],"author":[{"embeddable":true,"href":"https:\/\/radiowebmx.com\/nota\/wp-json\/wp\/v2\/users\/2"}],"replies":[{"embeddable":true,"href":"https:\/\/radiowebmx.com\/nota\/wp-json\/wp\/v2\/comments?post=50976"}],"version-history":[{"count":1,"href":"https:\/\/radiowebmx.com\/nota\/wp-json\/wp\/v2\/posts\/50976\/revisions"}],"predecessor-version":[{"id":50978,"href":"https:\/\/radiowebmx.com\/nota\/wp-json\/wp\/v2\/posts\/50976\/revisions\/50978"}],"wp:featuredmedia":[{"embeddable":true,"href":"https:\/\/radiowebmx.com\/nota\/wp-json\/wp\/v2\/media\/50977"}],"wp:attachment":[{"href":"https:\/\/radiowebmx.com\/nota\/wp-json\/wp\/v2\/media?parent=50976"}],"wp:term":[{"taxonomy":"category","embeddable":true,"href":"https:\/\/radiowebmx.com\/nota\/wp-json\/wp\/v2\/categories?post=50976"},{"taxonomy":"post_tag","embeddable":true,"href":"https:\/\/radiowebmx.com\/nota\/wp-json\/wp\/v2\/tags?post=50976"}],"curies":[{"name":"wp","href":"https:\/\/api.w.org\/{rel}","templated":true}]}}